{"id":169860,"date":"2020-09-28T18:22:11","date_gmt":"2020-09-28T21:22:11","guid":{"rendered":"https:\/\/diarioregionaldigital.com.br\/?p=169860"},"modified":"2020-09-28T18:22:11","modified_gmt":"2020-09-28T21:22:11","slug":"minas-recebe-recursos-do-governo-federal-para-o-programa-de-aquisicao-de-alimentos-que-fortalece-a-agricultura-familiar","status":"publish","type":"post","link":"https:\/\/diarioregionaldigital.com.br\/?p=169860","title":{"rendered":"Minas recebe recursos do governo federal para o Programa de Aquisi\u00e7\u00e3o de Alimentos, que fortalece a agricultura familiar"},"content":{"rendered":"<p>O governador Romeu Zema e o ministro da Cidadania, Onyx Lorenzoni, assinaram, nesta segunda-feira (28\/9), na Cidade Administrativa, em Belo Horizonte, o termo de autoriza\u00e7\u00e3o de repasse para o Programa de Aquisi\u00e7\u00e3o de Alimentos (PAA), que promove o acesso \u00e0 alimenta\u00e7\u00e3o e fortalece a agricultura familiar em Minas Gerais. Nesta etapa, ser\u00e3o repassados ao Estado R$ 6,2 milh\u00f5es para a compra de alimentos junto a pequenos produtores.<\/p>\n<p>Al\u00e9m do novo recurso anunciado, a Pasta j\u00e1 havia repassado, em 2020, R$ 10,5 milh\u00f5es para o programa, beneficiando 133 munic\u00edpios mineiros. A execu\u00e7\u00e3o \u00e9 realizada pela\u00a0<a href=\"http:\/\/www.agricultura.mg.gov.br\/\" target=\"_blank\" rel=\"noopener noreferrer\">Secretaria de Estado da Agricultura, Pecu\u00e1ria e Abastecimento (Seapa)<\/a>\u00a0&#8211; com operacionaliza\u00e7\u00e3o da sua vinculada\u00a0<a href=\"http:\/\/www.emater.mg.gov.br\/\" target=\"_blank\" rel=\"noopener noreferrer\">Empresa de Assist\u00eancia T\u00e9cnica e Extens\u00e3o Rural do Estado de Minas Gerais (Emater-MG)<\/a>.<\/p>\n<p>Romeu Zema enalteceu a iniciativa e afirmou que o recurso ser\u00e1 fundamental para reduzir os impactos econ\u00f4micos provocados pela pandemia.<\/p>\n<p><main class=\"clear margin-md-bottom-3\"><\/p>\n<div class=\"clear \">\n<p>\u201cEssa ajuda do governo federal \u00e9 important\u00edssima para um estado como o nosso, que tem uma grande massa de pequenos produtores rurais que tiveram a sua atividade fortemente impactada pela pandemia, principalmente pela paralisa\u00e7\u00e3o das feiras e da merenda escolar. Por isso, esse programa vem para dar uma estabilidade, tanto para quem consome quanto para quem produz\u201d, disse.<\/p>\n<p><strong>Beneficiados<\/strong><\/p>\n<p>O ministro da Cidadania, Onyx Lorenzoni, destacou a import\u00e2ncia do programa, que dever\u00e1 beneficiar milhares de agricultores em Minas Gerais. Somadas todas as a\u00e7\u00f5es do programa, segundo o ministro, o estado dever\u00e1 receber mais de R$ 40 milh\u00f5es em recursos neste ano.<\/p>\n<p>\u201cO agricultor familiar, o pequeno agricultor, eles precisam vender. Ent\u00e3o era muito importante que o programa, que j\u00e1 estava em curso, recebesse um volume de recursos que permitisse que a retomada da atividade fosse consistente, para que aquela fam\u00edlia pudesse permanecer naquela propriedade. A\u00ed o presidente liberou R$ 500 milh\u00f5es para refor\u00e7ar o programa\u201d, disse.<\/p>\n<p><strong>Qualifica\u00e7\u00e3o<\/strong><\/p>\n<p>A secret\u00e1ria de Estado de Agricultura, Pecu\u00e1ria e Abastecimento, Ana Valentini, afirmou que, al\u00e9m de garantir aporte financeiro \u00e0s fam\u00edlias, o programa tamb\u00e9m estimula a qualifica\u00e7\u00e3o dos pequenos produtores.<\/p>\n<p>\u201cPara o produtor rural, comercializar \u00e9 a parte mais dif\u00edcil. Por isso, quando ele sabe que tem a comercializa\u00e7\u00e3o garantida, ele acredita mais e come\u00e7a a aprender. Temos exemplos de agricultores que come\u00e7aram a fornecer para o PAA e, a partir da\u00ed, conseguiram diversificar a sua oferta de produtos, passando a fornecer tamb\u00e9m para o com\u00e9rcio da cidade\u201d, explicou.<\/p>\n<p>Participaram do an\u00fancio o secret\u00e1rio especial de Desenvolvimento Social do Minist\u00e9rio da Cidadania, S\u00e9rgio Augusto de Queiroz; o secret\u00e1rio nacional de Inclus\u00e3o Social e Produtiva Rural, \u00canio Marques; deputados federais e estaduais; entre outras autoridades.<\/p>\n<p><strong>Programa de Aquisi\u00e7\u00e3o de Alimentos<\/strong><\/p>\n<p>O programa, por meio da modalidade Compra com Doa\u00e7\u00e3o Simult\u00e2nea (PAA CDS), garante a aquisi\u00e7\u00e3o da produ\u00e7\u00e3o dos agricultores familiares, sem licita\u00e7\u00e3o, para serem destinadas \u00e0s entidades e institui\u00e7\u00f5es socioassistenciais. Considerando todos os recursos destinados a Minas Gerais em 2020, cerca de 2,5 mil agricultores familiares ser\u00e3o beneficiados.<\/p>\n<p>Os munic\u00edpios atendidos s\u00e3o selecionados com base em seus \u00edndices de vulnerabilidade alimentar e nutricional, assim como o IDH. A distribui\u00e7\u00e3o dos recursos financeiros atende a crit\u00e9rios t\u00e9cnicos, levando em conta as cidades com maiores \u00edndices de vulnerabilidade registrados no Mapeamento da Inseguran\u00e7a Alimentar e Nutricional (Mapa InSAN).<\/p>\n<p><strong>Fonte:<\/strong> Ag\u00eancia Minas<\/p>\n<\/div>\n<p><\/main><\/p>\n","protected":false},"excerpt":{"rendered":"<p>O governador Romeu Zema e o ministro da Cidadania, Onyx Lorenzoni, assinaram, nesta segunda-feira (28\/9), na Cidade Administrativa, em Belo Horizonte, o termo de autoriza\u00e7\u00e3o de repasse para o Programa de Aquisi\u00e7\u00e3o de Alimentos (PAA), que promove o acesso \u00e0 alimenta\u00e7\u00e3o e fortalece a agricultura familiar em Minas Gerais. Nesta etapa, ser\u00e3o repassados ao Estado [&hellip;]<\/p>\n","protected":false},"author":96,"featured_media":169861,"comment_status":"closed","ping_status":"closed","sticky":false,"template":"","format":"standard","meta":{"footnotes":""},"categories":[436,254,439],"tags":[],"class_list":["post-169860","post","type-post","status-publish","format-standard","has-post-thumbnail","hentry","category-destaque-da-semana","category-politica","category-ultima-hora"],"_links":{"self":[{"href":"https:\/\/diarioregionaldigital.com.br\/index.php?rest_route=\/wp\/v2\/posts\/169860","targetHints":{"allow":["GET"]}}],"collection":[{"href":"https:\/\/diarioregionaldigital.com.br\/index.php?rest_route=\/wp\/v2\/posts"}],"about":[{"href":"https:\/\/diarioregionaldigital.com.br\/index.php?rest_route=\/wp\/v2\/types\/post"}],"author":[{"embeddable":true,"href":"https:\/\/diarioregionaldigital.com.br\/index.php?rest_route=\/wp\/v2\/users\/96"}],"replies":[{"embeddable":true,"href":"https:\/\/diarioregionaldigital.com.br\/index.php?rest_route=%2Fwp%2Fv2%2Fcomments&post=169860"}],"version-history":[{"count":0,"href":"https:\/\/diarioregionaldigital.com.br\/index.php?rest_route=\/wp\/v2\/posts\/169860\/revisions"}],"wp:featuredmedia":[{"embeddable":true,"href":"https:\/\/diarioregionaldigital.com.br\/index.php?rest_route=\/wp\/v2\/media\/169861"}],"wp:attachment":[{"href":"https:\/\/diarioregionaldigital.com.br\/index.php?rest_route=%2Fwp%2Fv2%2Fmedia&parent=169860"}],"wp:term":[{"taxonomy":"category","embeddable":true,"href":"https:\/\/diarioregionaldigital.com.br\/index.php?rest_route=%2Fwp%2Fv2%2Fcategories&post=169860"},{"taxonomy":"post_tag","embeddable":true,"href":"https:\/\/diarioregionaldigital.com.br\/index.php?rest_route=%2Fwp%2Fv2%2Ftags&post=169860"}],"curies":[{"name":"wp","href":"https:\/\/api.w.org\/{rel}","templated":true}]}}