{"id":169855,"date":"2020-09-28T18:03:50","date_gmt":"2020-09-28T21:03:50","guid":{"rendered":"https:\/\/diarioregionaldigital.com.br\/?p=169855"},"modified":"2020-09-28T18:10:50","modified_gmt":"2020-09-28T21:10:50","slug":"juiz-de-fora-registra-mais-5-mortes-por-covid-19-casos-confirmados-chegam-a-5-970","status":"publish","type":"post","link":"https:\/\/diarioregionaldigital.com.br\/?p=169855","title":{"rendered":"Juiz de Fora registra mais 5 mortes por Covid-19; casos confirmados chegam a 5.970"},"content":{"rendered":"<p><span style=\"font-weight: 400;\">O boletim epidemiol\u00f3gico divulgado nessa segunda-feira (28) pela Secretaria de Sa\u00fade (SS) da Prefeitura de Juiz de Fora (PJF), confirma que o munic\u00edpio registrou mais cinco \u00f3bitos por Covid-19, nas \u00faltimas 24h, totalizando 213 mortes.<\/span><\/p>\n<p><span style=\"font-weight: 400;\">Segundo o levantamento, houve aumento de mais 14 novos casos, acumulando 5.970 pessoas infectadas e 21.605 pacientes s\u00e3o suspeitos de terem a doen\u00e7a.\u00a0<\/span><\/p>\n<p><b>\u00d3bitos:<\/b><\/p>\n<p><span style=\"font-weight: 400;\">Idoso, de 85 anos, morreu nesta segunda-feira, 28. Comorbidades: Doen\u00e7a Neurol\u00f3gica Cr\u00f4nica (DNC) e Hipertens\u00e3o Arterial Sist\u00eamica (HAS);<\/span><\/p>\n<p><span style=\"font-weight: 400;\">Idosa, de 88 anos, morreu nesta segunda-feira, 28. Comorbidades: Doen\u00e7a Cardiovascular Cr\u00f4nica (DCC), Doen\u00e7a Neurol\u00f3gica Cr\u00f4nica (DNC), Hipertens\u00e3o Arterial Sist\u00eamica (HAS) e Doen\u00e7a Renal Cr\u00f4nica;<\/span><\/p>\n<p><span style=\"font-weight: 400;\">Idosa, de 98 anos, morreu na sexta-feira, 25. Comorbidade: Doen\u00e7a Neurol\u00f3gica Cr\u00f4nica (DNC) e Diabetes Mellitus;<\/span><\/p>\n<p><span style=\"font-weight: 400;\">Idoso, de 86 anos, morreu nesta segunda-feira, 28. Comorbidades: Doen\u00e7a Cardiovascular Cr\u00f4nica (DCC) e Hipertens\u00e3o Arterial Sist\u00eamica (HAS);<\/span><\/p>\n<p><span style=\"font-weight: 400;\">Idosa, de 74 anos, morreu nesse domingo, 27. Comorbidades: Doen\u00e7a Cardiovascular Cr\u00f4nica (DCC) e Hipertens\u00e3o Arterial Sist\u00eamica (HAS);<\/span><\/p>\n<p><b>Exames realizados na UFJF<\/b><\/p>\n<p><span style=\"font-weight: 400;\">No per\u00edodo do dia 21 a 25 deste m\u00eas, os laborat\u00f3rios do Instituto de Ci\u00eancias Biol\u00f3gicas e da Faculdade de Farm\u00e1cia da Universidade Federal de Juiz de Fora (UFJF), cadastrou um total de 421 exames de Covid-19, feitos no munic\u00edpio. Conforme os dados divulgados pela institui\u00e7\u00e3o, 408 tiveram seus laudos emitidos e 13 est\u00e3o sob an\u00e1lise.<\/span><\/p>\n<p><b>Leitos\u00a0<\/b><\/p>\n<p><span style=\"font-weight: 400;\">Segundo informa\u00e7\u00f5es da PJF, os leitos de enfermaria est\u00e3o com 55,60% de ocupa\u00e7\u00e3o. J\u00e1 os os leitos de UTI e SUS, est\u00e3o com taxa de 72,16% e 76,88% respectivamente.<\/span><\/p>\n<p><b>Casos recuperados<\/b><\/p>\n<p><span style=\"font-weight: 400;\">Segundo dados da Secretaria de Estado da Sa\u00fade de Minas Gerais (SES-MG), 5.194 pacientes est\u00e3o recuperados da doen\u00e7a, representando 87% dos casos confirmados.<\/span><\/p>\n<p><b>Isolamento social<\/b><\/p>\n<p><span style=\"font-weight: 400;\">Conforme os dados divulgados pela Prefeitura, o munic\u00edpio apresenta taxa de isolamento social em 49,35%, cuja m\u00e9dia \u00e9 dos \u00faltimos sete dias. O valor est\u00e1 acima da taxa registrada em Minas Gerais, que \u00e9 de 48,63%.<\/span><\/p>\n<p><b>Casos e \u00f3bitos confirmados<\/b><\/p>\n<p><span style=\"font-weight: 400;\">Na compara\u00e7\u00e3o com outras cidades do estado, Juiz de Fora agora \u00e9 o s\u00e9timo munic\u00edpio com maior n\u00famero de casos confirmados. Segundo dados da SES-MG, na primeira posi\u00e7\u00e3o aparece Belo Horizonte com 41.619, Uberl\u00e2ndia em segundo com 27.804, Contagem em terceiro com 9.017, Ipatinga em quarto com 8.603, Montes Claros em quinto com 8.211 e Governador Valadares em sexto com 7.225, estes s\u00e3o os munic\u00edpios que apresentam mais casos confirmados em compara\u00e7\u00e3o com Juiz de Fora.<\/span><\/p>\n<p><span style=\"font-weight: 400;\">J\u00e1 na quest\u00e3o das mortes confirmadas, o munic\u00edpio permanece na quinta posi\u00e7\u00e3o nesse quesito. Belo Horizonte lidera com 1.232 \u00f3bitos, Uberl\u00e2ndia \u00e9 o segundo com 550, Contagem em terceiro com 366 e Governador Valadares em quarto com 253.<\/span><\/p>\n","protected":false},"excerpt":{"rendered":"<p>O boletim epidemiol\u00f3gico divulgado nessa segunda-feira (28) pela Secretaria de Sa\u00fade (SS) da Prefeitura de Juiz de Fora (PJF), confirma que o munic\u00edpio registrou mais cinco \u00f3bitos por Covid-19, nas \u00faltimas 24h, totalizando 213 mortes. Segundo o levantamento, houve aumento de mais 14 novos casos, acumulando 5.970 pessoas infectadas e 21.605 pacientes s\u00e3o suspeitos de [&hellip;]<\/p>\n","protected":false},"author":96,"featured_media":169856,"comment_status":"closed","ping_status":"closed","sticky":false,"template":"","format":"standard","meta":{"footnotes":""},"categories":[253,436,440,439],"tags":[],"class_list":["post-169855","post","type-post","status-publish","format-standard","has-post-thumbnail","hentry","category-cidade","category-destaque-da-semana","category-destaques-do-dia","category-ultima-hora"],"_links":{"self":[{"href":"https:\/\/diarioregionaldigital.com.br\/index.php?rest_route=\/wp\/v2\/posts\/169855","targetHints":{"allow":["GET"]}}],"collection":[{"href":"https:\/\/diarioregionaldigital.com.br\/index.php?rest_route=\/wp\/v2\/posts"}],"about":[{"href":"https:\/\/diarioregionaldigital.com.br\/index.php?rest_route=\/wp\/v2\/types\/post"}],"author":[{"embeddable":true,"href":"https:\/\/diarioregionaldigital.com.br\/index.php?rest_route=\/wp\/v2\/users\/96"}],"replies":[{"embeddable":true,"href":"https:\/\/diarioregionaldigital.com.br\/index.php?rest_route=%2Fwp%2Fv2%2Fcomments&post=169855"}],"version-history":[{"count":0,"href":"https:\/\/diarioregionaldigital.com.br\/index.php?rest_route=\/wp\/v2\/posts\/169855\/revisions"}],"wp:featuredmedia":[{"embeddable":true,"href":"https:\/\/diarioregionaldigital.com.br\/index.php?rest_route=\/wp\/v2\/media\/169856"}],"wp:attachment":[{"href":"https:\/\/diarioregionaldigital.com.br\/index.php?rest_route=%2Fwp%2Fv2%2Fmedia&parent=169855"}],"wp:term":[{"taxonomy":"category","embeddable":true,"href":"https:\/\/diarioregionaldigital.com.br\/index.php?rest_route=%2Fwp%2Fv2%2Fcategories&post=169855"},{"taxonomy":"post_tag","embeddable":true,"href":"https:\/\/diarioregionaldigital.com.br\/index.php?rest_route=%2Fwp%2Fv2%2Ftags&post=169855"}],"curies":[{"name":"wp","href":"https:\/\/api.w.org\/{rel}","templated":true}]}}