{"id":169852,"date":"2020-09-28T17:38:16","date_gmt":"2020-09-28T20:38:16","guid":{"rendered":"https:\/\/diarioregionaldigital.com.br\/?p=169852"},"modified":"2020-09-28T17:38:16","modified_gmt":"2020-09-28T20:38:16","slug":"setimo-livro-de-margareth-marinho-brinca-com-sensacoes-e-palavras","status":"publish","type":"post","link":"https:\/\/diarioregionaldigital.com.br\/?p=169852","title":{"rendered":"S\u00e9timo livro de Margareth Marinho brinca com sensa\u00e7\u00f5es e palavras"},"content":{"rendered":"<p>Acaba de sair do \u201cforno\u201d o s\u00e9timo livro infantil da escritora Margareth Marinho, coordenadora do projeto \u201cEscola de Escritores\u201d, da Biblioteca Municipal \u201cMurilo Mendes\u201d. Na obra, \u201cGalinha Assada? Humm!!!\u201d, que tem 22 p\u00e1ginas e ilustra\u00e7\u00f5es do artista visual Daniel Rodrigues, a autora faz jogo de sinestesia, misturando as palavras com sensa\u00e7\u00f5es visuais, olfativas e de temperatura, para contar a hist\u00f3ria de \u201cMaroca\u201d, uma galinha curiosa e desastrada. A obra j\u00e1 est\u00e1 dispon\u00edvel para pr\u00e9-venda, com frete gr\u00e1tis para todo o Brasil, e os pedidos podem ser feitos pelo WhatsApp (32) 99167-7013.<\/p>\n<p>O lan\u00e7amento do livro acontecer\u00e1 em 8 de outubro, em live pelo Facebook da escritora, com direito a conta\u00e7\u00e3o de hist\u00f3ria e sorteio de kit com livro, bolsinha tem\u00e1tica, a receita do p\u00e3o que \u00e9 produzido na hist\u00f3ria e um pacotinho de fermento. Margareth contou que essa hist\u00f3ria foi escrita h\u00e1 cerca de dez anos: \u201cDurante todo esse tempo, n\u00e3o permaneceu esquecida. Volta e meia, pegava o texto para lapidar, incluir ou tirar personagens e passagens. Metaforicamente, foi uma massa que coloquei para descansar. Fui corrigindo o tempero e a textura. Ent\u00e3o, chegou o dia em que pensei: est\u00e1 pronta! Coloquei o livro no forno e ele est\u00e1 saindo agora. Quentinho\u201d.<\/p>\n<p>Acostumada a criar para o p\u00fablico infantojuvenil, ela revelou que fez quest\u00e3o de repetir a parceria com Daniel Rodrigues, que j\u00e1 havia ilustrado as duas edi\u00e7\u00f5es da publica\u00e7\u00e3o \u201cDossi\u00ea Saci\u201d, sendo a primeira financiada pela Lei \u201cMurilo Mendes\u201d de Incentivo \u00e0 Cultura, mantida pela Funda\u00e7\u00e3o Cultural \u201cAlfredo Ferreira Lage\u201d (Funalfa).<\/p>\n<p>O resultado tem agradado quem j\u00e1 conhece o novo livro. \u201cFoi muito prazeroso ilustrar esse trabalho. Utilizei a t\u00e9cnica de aquarela e explorei a mem\u00f3ria afetiva. Vivi a inf\u00e2ncia no interior de Minas, casa com quintal e galinheiro. Ent\u00e3o, essa hist\u00f3ria da Margareth \u00e9 muito pr\u00f3xima \u00e0s minhas experi\u00eancias. \u00c9 tamb\u00e9m uma responsabilidade e uma honra repassar essas sensa\u00e7\u00f5es para gera\u00e7\u00f5es de apartamento. Permitir que as crian\u00e7as da cidade entendam, de forma l\u00fadica, o que \u00e9 ter quintal, galinheiro e terra\u201d, afirmou Daniel.<\/p>\n<p>Conforme a autora, \u201cGalinha Assada? Humm!!!\u201d foi escrito para leitores de todas as idades: \u201cA hist\u00f3ria permite trabalhar uma s\u00e9rie de conceitos em oficinas liter\u00e1rias. A gente aborda sabores, aromas e outras sensa\u00e7\u00f5es. Questiona a import\u00e2ncia das medidas corretas para as receitas darem certo, e fala sobre os animais dom\u00e9sticos e de estima\u00e7\u00e3o\u201d.<\/p>\n<p>Margareth Marinho tamb\u00e9m \u00e9 autora de \u201cA Tia M\u00edope\u201d (Lei \u201cMurilo Mendes\u201d\/2006), \u201cDossi\u00ea Saci\u201d (idem, 2007, com edi\u00e7\u00e3o revista e ampliada em 2017), \u201cP\u00e9 de Saci\u201d (2016), \u201cO Fantasma na \u00c1rvore\u201d (2018) e \u201cManual de Saciologia\u201d (2019, publica\u00e7\u00e3o que obteve o segundo lugar na edi\u00e7\u00e3o 2018 do \u201cPr\u00eamio Off Flip de Literatura\u201d, categoria Infantojuvenil).<\/p>\n<p><strong>Fonte:\u00a0<\/strong>Assessoria<\/p>\n","protected":false},"excerpt":{"rendered":"<p>Acaba de sair do \u201cforno\u201d o s\u00e9timo livro infantil da escritora Margareth Marinho, coordenadora do projeto \u201cEscola de Escritores\u201d, da Biblioteca Municipal \u201cMurilo Mendes\u201d. Na obra, \u201cGalinha Assada? Humm!!!\u201d, que tem 22 p\u00e1ginas e ilustra\u00e7\u00f5es do artista visual Daniel Rodrigues, a autora faz jogo de sinestesia, misturando as palavras com sensa\u00e7\u00f5es visuais, olfativas e de [&hellip;]<\/p>\n","protected":false},"author":96,"featured_media":169853,"comment_status":"closed","ping_status":"closed","sticky":false,"template":"","format":"standard","meta":{"footnotes":""},"categories":[256,436,262,439],"tags":[],"class_list":["post-169852","post","type-post","status-publish","format-standard","has-post-thumbnail","hentry","category-cultura","category-destaque-da-semana","category-noticias","category-ultima-hora"],"_links":{"self":[{"href":"https:\/\/diarioregionaldigital.com.br\/index.php?rest_route=\/wp\/v2\/posts\/169852","targetHints":{"allow":["GET"]}}],"collection":[{"href":"https:\/\/diarioregionaldigital.com.br\/index.php?rest_route=\/wp\/v2\/posts"}],"about":[{"href":"https:\/\/diarioregionaldigital.com.br\/index.php?rest_route=\/wp\/v2\/types\/post"}],"author":[{"embeddable":true,"href":"https:\/\/diarioregionaldigital.com.br\/index.php?rest_route=\/wp\/v2\/users\/96"}],"replies":[{"embeddable":true,"href":"https:\/\/diarioregionaldigital.com.br\/index.php?rest_route=%2Fwp%2Fv2%2Fcomments&post=169852"}],"version-history":[{"count":0,"href":"https:\/\/diarioregionaldigital.com.br\/index.php?rest_route=\/wp\/v2\/posts\/169852\/revisions"}],"wp:featuredmedia":[{"embeddable":true,"href":"https:\/\/diarioregionaldigital.com.br\/index.php?rest_route=\/wp\/v2\/media\/169853"}],"wp:attachment":[{"href":"https:\/\/diarioregionaldigital.com.br\/index.php?rest_route=%2Fwp%2Fv2%2Fmedia&parent=169852"}],"wp:term":[{"taxonomy":"category","embeddable":true,"href":"https:\/\/diarioregionaldigital.com.br\/index.php?rest_route=%2Fwp%2Fv2%2Fcategories&post=169852"},{"taxonomy":"post_tag","embeddable":true,"href":"https:\/\/diarioregionaldigital.com.br\/index.php?rest_route=%2Fwp%2Fv2%2Ftags&post=169852"}],"curies":[{"name":"wp","href":"https:\/\/api.w.org\/{rel}","templated":true}]}}