{"id":169849,"date":"2020-09-28T17:21:03","date_gmt":"2020-09-28T20:21:03","guid":{"rendered":"https:\/\/diarioregionaldigital.com.br\/?p=169849"},"modified":"2020-09-28T17:21:03","modified_gmt":"2020-09-28T20:21:03","slug":"projeto-no-museu-apresenta-medalhao-alusivo-ao-grito-do-ipiranga","status":"publish","type":"post","link":"https:\/\/diarioregionaldigital.com.br\/?p=169849","title":{"rendered":"Projeto no Museu apresenta medalh\u00e3o alusivo ao \u201cGrito do Ipiranga\u201d"},"content":{"rendered":"<p>Encerrando a edi\u00e7\u00e3o especial de setembro do projeto \u201cA Pe\u00e7a da Semana\u201d, com itens relacionados \u00e0 Independ\u00eancia do Brasil, a equipe do Departamento de A\u00e7\u00f5es Culturais e Acervo T\u00e9cnico (Datec) apresenta o medalh\u00e3o \u201cIndepend\u00eancia ou Morte\u201d. A pe\u00e7a, alusiva ao \u201cGrito do Ipiranga\u201d, tem 27 cent\u00edmetros, com fundi\u00e7\u00e3o em bronze. Em destaque, a representa\u00e7\u00e3o da figura do Imperador D. Pedro I (1798-1834) montado em seu cavalo e dos personagens envolvidos no processo hist\u00f3rico, como Jos\u00e9 Bonif\u00e1cio de Andrada e Silva (1763-1838).<\/p>\n<p>As representa\u00e7\u00f5es de D. Pedro I, nesses e em outros objetos, est\u00e3o diretamente relacionadas ao projeto de constru\u00e7\u00e3o do Estado e da imagem da na\u00e7\u00e3o que se formava com o processo de independ\u00eancia. A cole\u00e7\u00e3o relativa \u00e0 Fam\u00edlia Imperial no acervo da Reserva T\u00e9cnica do Museu envolve diferentes segmentos, como a iconografia da Casa de Bragan\u00e7a, produ\u00e7\u00e3o art\u00edstica de seus membros, objetos pessoais e do cotidiano palaciano, ins\u00edgnias e itens comemorativos, como o medalh\u00e3o apresentado.<\/p>\n<p>Algumas imagens da pe\u00e7a ser\u00e3o publicadas nas redes sociais do Museu, como\u00a0<a href=\"https:\/\/www.facebook.com\/museu.marianoprocopio\">Facebook<\/a>\u00a0e Instagram (@museumarianoprocopio).<\/p>\n<p><strong>Fonte:<\/strong> Assessoria<\/p>\n","protected":false},"excerpt":{"rendered":"<p>Encerrando a edi\u00e7\u00e3o especial de setembro do projeto \u201cA Pe\u00e7a da Semana\u201d, com itens relacionados \u00e0 Independ\u00eancia do Brasil, a equipe do Departamento de A\u00e7\u00f5es Culturais e Acervo T\u00e9cnico (Datec) apresenta o medalh\u00e3o \u201cIndepend\u00eancia ou Morte\u201d. A pe\u00e7a, alusiva ao \u201cGrito do Ipiranga\u201d, tem 27 cent\u00edmetros, com fundi\u00e7\u00e3o em bronze. Em destaque, a representa\u00e7\u00e3o da [&hellip;]<\/p>\n","protected":false},"author":96,"featured_media":169850,"comment_status":"closed","ping_status":"closed","sticky":false,"template":"","format":"standard","meta":{"footnotes":""},"categories":[256,436,262,439],"tags":[],"class_list":["post-169849","post","type-post","status-publish","format-standard","has-post-thumbnail","hentry","category-cultura","category-destaque-da-semana","category-noticias","category-ultima-hora"],"_links":{"self":[{"href":"https:\/\/diarioregionaldigital.com.br\/index.php?rest_route=\/wp\/v2\/posts\/169849","targetHints":{"allow":["GET"]}}],"collection":[{"href":"https:\/\/diarioregionaldigital.com.br\/index.php?rest_route=\/wp\/v2\/posts"}],"about":[{"href":"https:\/\/diarioregionaldigital.com.br\/index.php?rest_route=\/wp\/v2\/types\/post"}],"author":[{"embeddable":true,"href":"https:\/\/diarioregionaldigital.com.br\/index.php?rest_route=\/wp\/v2\/users\/96"}],"replies":[{"embeddable":true,"href":"https:\/\/diarioregionaldigital.com.br\/index.php?rest_route=%2Fwp%2Fv2%2Fcomments&post=169849"}],"version-history":[{"count":0,"href":"https:\/\/diarioregionaldigital.com.br\/index.php?rest_route=\/wp\/v2\/posts\/169849\/revisions"}],"wp:featuredmedia":[{"embeddable":true,"href":"https:\/\/diarioregionaldigital.com.br\/index.php?rest_route=\/wp\/v2\/media\/169850"}],"wp:attachment":[{"href":"https:\/\/diarioregionaldigital.com.br\/index.php?rest_route=%2Fwp%2Fv2%2Fmedia&parent=169849"}],"wp:term":[{"taxonomy":"category","embeddable":true,"href":"https:\/\/diarioregionaldigital.com.br\/index.php?rest_route=%2Fwp%2Fv2%2Fcategories&post=169849"},{"taxonomy":"post_tag","embeddable":true,"href":"https:\/\/diarioregionaldigital.com.br\/index.php?rest_route=%2Fwp%2Fv2%2Ftags&post=169849"}],"curies":[{"name":"wp","href":"https:\/\/api.w.org\/{rel}","templated":true}]}}