{"id":169846,"date":"2020-09-28T17:15:48","date_gmt":"2020-09-28T20:15:48","guid":{"rendered":"https:\/\/diarioregionaldigital.com.br\/?p=169846"},"modified":"2020-09-28T17:15:48","modified_gmt":"2020-09-28T20:15:48","slug":"campanha-de-vacinacao-antirrabica-na-zona-rural-termina-nesta-terca-feira","status":"publish","type":"post","link":"https:\/\/diarioregionaldigital.com.br\/?p=169846","title":{"rendered":"Campanha de vacina\u00e7\u00e3o antirr\u00e1bica na zona rural termina nesta ter\u00e7a-feira"},"content":{"rendered":"<p>A campanha de vacina\u00e7\u00e3o antirr\u00e1bica, iniciada no dia 9, na zona rural, terminar\u00e1 nesta ter\u00e7a-feira, 29. Mais 11 localidades receber\u00e3o as equipes do Setor de Zoonoses da Secretaria de Sa\u00fade (SS) da Prefeitura de Juiz de Fora (PJF). Os t\u00e9cnicos passar\u00e3o pelo posto de sa\u00fade do Distrito de Humait\u00e1 e das localidades de Pedra Branca, Maracuj\u00e1\/Ribeir\u00e3o, N\u00e1utico, Linhares, Vale dos Pe\u00f5es, Condom\u00ednio Pedra Bonita, Morro do Sab\u00e3o e das vilas S\u00e3o Vicente e Theodoro &#8211; veja calend\u00e1rio abaixo. J\u00e1 somando as \u00e1reas de cobertura desta semana, s\u00e3o 32 regi\u00f5es visitadas.<\/p>\n<p>A campanha acontece em meio \u00e0 pandemia de covid-19, o que torna necess\u00e1rios cuidados b\u00e1sicos, como uso de m\u00e1scara e \u00e1lcool-gel e o impedimento de aglomera\u00e7\u00f5es.<\/p>\n<p>C\u00e3es e gatos saud\u00e1veis, a partir de tr\u00eas meses de idade, est\u00e3o sendo vacinados. Os que est\u00e3o doentes t\u00eam que aguardar at\u00e9 a recupera\u00e7\u00e3o. O objetivo da imuniza\u00e7\u00e3o \u00e9 criar anticorpos, e isso n\u00e3o acontece com os que enfrentam problemas. O supervisor do Setor de Zoonoses, Jos\u00e9 Geraldo de Castro J\u00fanior, informou que o objetivo principal da vacina\u00e7\u00e3o \u00e9 evitar a contamina\u00e7\u00e3o humana. O trabalho na zona urbana est\u00e1 programado para 24 de outubro.<\/p>\n<p><b>Programa\u00e7\u00e3o<\/b><\/p>\n<p><b>Dia 29, ter\u00e7a-feira<\/b><\/p>\n<p>&#8211; Linhares \/ Vale dos Pe\u00f5es<br \/>\nFazenda do Yung \/ Estrada de Pedreira \/ Vale dos Pe\u00f5es \/ Vila Almeida \/ Vale das Frutas \/ Busca ativa &#8211; 8 \u00e0s 18 horas<\/p>\n<p>&#8211; Condom\u00ednio Pedra Bonita \/ Morro do Sab\u00e3o \/ Vilas S\u00e3o Vicente e Theodoro<br \/>\nMorro do Sab\u00e3o\/ Vilas S\u00e3o Vicente e Theodoro \/ busca ativa &#8211; 8 \u00e0s 15 horas<br \/>\nCondom\u00ednio Pedra Bonita &#8211; 15 \u00e0s 18 horas.<\/p>\n<p><strong>Fonte:\u00a0<\/strong>Assessoria<\/p>\n","protected":false},"excerpt":{"rendered":"<p>A campanha de vacina\u00e7\u00e3o antirr\u00e1bica, iniciada no dia 9, na zona rural, terminar\u00e1 nesta ter\u00e7a-feira, 29. Mais 11 localidades receber\u00e3o as equipes do Setor de Zoonoses da Secretaria de Sa\u00fade (SS) da Prefeitura de Juiz de Fora (PJF). Os t\u00e9cnicos passar\u00e3o pelo posto de sa\u00fade do Distrito de Humait\u00e1 e das localidades de Pedra Branca, [&hellip;]<\/p>\n","protected":false},"author":96,"featured_media":169847,"comment_status":"closed","ping_status":"closed","sticky":false,"template":"","format":"standard","meta":{"footnotes":""},"categories":[253,436,439],"tags":[],"class_list":["post-169846","post","type-post","status-publish","format-standard","has-post-thumbnail","hentry","category-cidade","category-destaque-da-semana","category-ultima-hora"],"_links":{"self":[{"href":"https:\/\/diarioregionaldigital.com.br\/index.php?rest_route=\/wp\/v2\/posts\/169846","targetHints":{"allow":["GET"]}}],"collection":[{"href":"https:\/\/diarioregionaldigital.com.br\/index.php?rest_route=\/wp\/v2\/posts"}],"about":[{"href":"https:\/\/diarioregionaldigital.com.br\/index.php?rest_route=\/wp\/v2\/types\/post"}],"author":[{"embeddable":true,"href":"https:\/\/diarioregionaldigital.com.br\/index.php?rest_route=\/wp\/v2\/users\/96"}],"replies":[{"embeddable":true,"href":"https:\/\/diarioregionaldigital.com.br\/index.php?rest_route=%2Fwp%2Fv2%2Fcomments&post=169846"}],"version-history":[{"count":0,"href":"https:\/\/diarioregionaldigital.com.br\/index.php?rest_route=\/wp\/v2\/posts\/169846\/revisions"}],"wp:featuredmedia":[{"embeddable":true,"href":"https:\/\/diarioregionaldigital.com.br\/index.php?rest_route=\/wp\/v2\/media\/169847"}],"wp:attachment":[{"href":"https:\/\/diarioregionaldigital.com.br\/index.php?rest_route=%2Fwp%2Fv2%2Fmedia&parent=169846"}],"wp:term":[{"taxonomy":"category","embeddable":true,"href":"https:\/\/diarioregionaldigital.com.br\/index.php?rest_route=%2Fwp%2Fv2%2Fcategories&post=169846"},{"taxonomy":"post_tag","embeddable":true,"href":"https:\/\/diarioregionaldigital.com.br\/index.php?rest_route=%2Fwp%2Fv2%2Ftags&post=169846"}],"curies":[{"name":"wp","href":"https:\/\/api.w.org\/{rel}","templated":true}]}}