{"id":169839,"date":"2020-09-28T17:07:07","date_gmt":"2020-09-28T20:07:07","guid":{"rendered":"https:\/\/diarioregionaldigital.com.br\/?p=169839"},"modified":"2020-09-28T17:07:30","modified_gmt":"2020-09-28T20:07:30","slug":"dupla-recebe-32-anos-de-prisao-pelo-assassinato-de-crianca-em-colo-da-mae","status":"publish","type":"post","link":"https:\/\/diarioregionaldigital.com.br\/?p=169839","title":{"rendered":"Dupla recebe 32 anos de pris\u00e3o, pelo assassinato de crian\u00e7a em colo da m\u00e3e"},"content":{"rendered":"<p><span style=\"font-weight: 400;\">Em julgamento realizado no F\u00f3rum Benjamin Colucci em Juiz de Fora, os r\u00e9us R\u00f4mulo Herm\u00e2nio de Oliveira Veiga e Carlos de Paula Fed\u00f3cio, receberam 32 anos de pris\u00e3o, em regime fechado pelo assassinato de um beb\u00ea de dois anos, que foi atingido por uma bala perdida no Bairro Santa C\u00e2ndida (Regi\u00e3o Leste), crime ocorrido no Dia das M\u00e3es em 2018. Juntos, os suspeitos somam pena de 64 anos.<\/span><\/p>\n<p><span style=\"font-weight: 400;\">O julgamento do caso teve in\u00edcio na quinta-feira (24) e ap\u00f3s 36h de audi\u00eancia, a sess\u00e3o foi encerrada na sexta-feira (25), por volta das 21h30. O juiz Paulo Trist\u00e3o, que presidiu o j\u00fari, negou aos envolvidos o direito de recorrer em liberdade.<\/span><\/p>\n<p><strong>Crime<\/strong><\/p>\n<p><span style=\"font-weight: 400;\">Conforme a den\u00fancia desferida pelo Minist\u00e9rio P\u00fablico de Minas Gerias (MPMG), os autores teriam tido desaven\u00e7as com moradores do bairro em um Baile Funk, realizado em Matias Barbosa.\u00a0<\/span><\/p>\n<p><span style=\"font-weight: 400;\">Segundo relatos de populares, no dia do crime, um jovem de 24 anos estava em via p\u00fablica, quando dois homens passaram em uma motocicleta e efetuaram v\u00e1rios tiros em sua dire\u00e7\u00e3o. Entretanto, no momento da fuga, colocou a m\u00e3e, 21 anos, e o filho na frente dos disparos e invadiu uma resid\u00eancia. A crian\u00e7a foi atingida no abd\u00f4men e veio a \u00f3bito, enquanto que a m\u00e3e levou tiro no antebra\u00e7o.\u00a0<\/span><\/p>\n<p><span style=\"font-weight: 400;\">Ela relatou \u00e0 Pol\u00edcia Civil de Minas Gerais (PCMG), que durante o crime, estava sentada na cal\u00e7ada da rua, com o filho no colo, quando o rapaz a empurrou na dire\u00e7\u00e3o dos autores, momento no qual foi atingida.\u00a0<\/span><\/p>\n<p>&nbsp;<\/p>\n","protected":false},"excerpt":{"rendered":"<p>Em julgamento realizado no F\u00f3rum Benjamin Colucci em Juiz de Fora, os r\u00e9us R\u00f4mulo Herm\u00e2nio de Oliveira Veiga e Carlos de Paula Fed\u00f3cio, receberam 32 anos de pris\u00e3o, em regime fechado pelo assassinato de um beb\u00ea de dois anos, que foi atingido por uma bala perdida no Bairro Santa C\u00e2ndida (Regi\u00e3o Leste), crime ocorrido no [&hellip;]<\/p>\n","protected":false},"author":96,"featured_media":169840,"comment_status":"closed","ping_status":"closed","sticky":false,"template":"","format":"standard","meta":{"footnotes":""},"categories":[253,436,439],"tags":[],"class_list":["post-169839","post","type-post","status-publish","format-standard","has-post-thumbnail","hentry","category-cidade","category-destaque-da-semana","category-ultima-hora"],"_links":{"self":[{"href":"https:\/\/diarioregionaldigital.com.br\/index.php?rest_route=\/wp\/v2\/posts\/169839","targetHints":{"allow":["GET"]}}],"collection":[{"href":"https:\/\/diarioregionaldigital.com.br\/index.php?rest_route=\/wp\/v2\/posts"}],"about":[{"href":"https:\/\/diarioregionaldigital.com.br\/index.php?rest_route=\/wp\/v2\/types\/post"}],"author":[{"embeddable":true,"href":"https:\/\/diarioregionaldigital.com.br\/index.php?rest_route=\/wp\/v2\/users\/96"}],"replies":[{"embeddable":true,"href":"https:\/\/diarioregionaldigital.com.br\/index.php?rest_route=%2Fwp%2Fv2%2Fcomments&post=169839"}],"version-history":[{"count":0,"href":"https:\/\/diarioregionaldigital.com.br\/index.php?rest_route=\/wp\/v2\/posts\/169839\/revisions"}],"wp:featuredmedia":[{"embeddable":true,"href":"https:\/\/diarioregionaldigital.com.br\/index.php?rest_route=\/wp\/v2\/media\/169840"}],"wp:attachment":[{"href":"https:\/\/diarioregionaldigital.com.br\/index.php?rest_route=%2Fwp%2Fv2%2Fmedia&parent=169839"}],"wp:term":[{"taxonomy":"category","embeddable":true,"href":"https:\/\/diarioregionaldigital.com.br\/index.php?rest_route=%2Fwp%2Fv2%2Fcategories&post=169839"},{"taxonomy":"post_tag","embeddable":true,"href":"https:\/\/diarioregionaldigital.com.br\/index.php?rest_route=%2Fwp%2Fv2%2Ftags&post=169839"}],"curies":[{"name":"wp","href":"https:\/\/api.w.org\/{rel}","templated":true}]}}