{"id":169837,"date":"2020-09-28T16:10:30","date_gmt":"2020-09-28T19:10:30","guid":{"rendered":"https:\/\/diarioregionaldigital.com.br\/?p=169837"},"modified":"2020-09-28T16:10:30","modified_gmt":"2020-09-28T19:10:30","slug":"minas-gerais-registra-menores-indices-de-ocupacao-de-leitos-por-covid-19","status":"publish","type":"post","link":"https:\/\/diarioregionaldigital.com.br\/?p=169837","title":{"rendered":"Minas Gerais registra menores \u00edndices de ocupa\u00e7\u00e3o de leitos por covid-19"},"content":{"rendered":"<p><main class=\"clear margin-md-bottom-3\"><\/p>\n<div class=\"clear \">\n<p>Em coletiva virtual nesta segunda-feira (28\/9), o secret\u00e1rio de\u00a0<a href=\"https:\/\/www.saude.mg.gov.br\/\" target=\"_blank\" rel=\"noopener noreferrer\">Sa\u00fade<\/a>\u00a0de Minas Gerais, Carlos Eduardo Amaral, destacou que o estado apresenta, atualmente, os menores \u00edndices de taxa de ocupa\u00e7\u00e3o por covid-19. \u201cTemos uma ocupa\u00e7\u00e3o m\u00e9dia dos leitos de UTI de 61,33%, com 845 pessoas internadas com suspeita da doen\u00e7a. S\u00e3o os menores \u00edndices desde o pico da pandemia, em julho\u201d, disse.<\/p>\n<p>A taxa de ocupa\u00e7\u00e3o de leitos \u00e9 um dos indicadores monitorados diariamente pelas equipes da\u00a0<a href=\"https:\/\/www.saude.mg.gov.br\/\" target=\"_blank\" rel=\"noopener noreferrer\">Secretaria de Estado de Sa\u00fade (SES-MG)<\/a>\u00a0para avaliar a situa\u00e7\u00e3o da covid-19 em Minas. Atualmente, est\u00e3o cadastrados no SUS f\u00e1cil 21.062 leitos de enfermaria e 3.961 leitos de UTI no estado. A taxa de ocupa\u00e7\u00e3o de leitos de UTI est\u00e1 em 61,00% e de leitos de enfermaria est\u00e1 em 59,98%.<\/p>\n<p>O secret\u00e1rio adjunto de Sa\u00fade, Marcelo Cabral, destacou que o planejamento foi essencial para estruturar a rede assistencial em Minas, com amplia\u00e7\u00e3o de leitos de UTI e de enfermaria desde o in\u00edcio da pandemia. \u201cConseguimos, at\u00e9 o momento, nos antecipar ao surgimento das necessidades para garantir o atendimento adequado aos mineiros\u201d, explicou.<\/p>\n<p>Cen\u00e1rio<\/p>\n<p>At\u00e9 o momento, foram confirmados 290.137 casos de covid-19 em Minas Gerais e 7.240 \u00f3bitos. Ao longo da coletiva, Carlos Eduardo Amaral refor\u00e7ou a import\u00e2ncia de que todos sigam as recomenda\u00e7\u00f5es para prevenir a doen\u00e7a, fazendo uso de m\u00e1scara, de \u00e1lcool gel e respeitando o distanciamento.<\/p>\n<p><strong>Fonte:<\/strong> Ag\u00eancia Minas<\/p>\n<\/div>\n<p><\/main><\/p>\n","protected":false},"excerpt":{"rendered":"<p>Em coletiva virtual nesta segunda-feira (28\/9), o secret\u00e1rio de\u00a0Sa\u00fade\u00a0de Minas Gerais, Carlos Eduardo Amaral, destacou que o estado apresenta, atualmente, os menores \u00edndices de taxa de ocupa\u00e7\u00e3o por covid-19. \u201cTemos uma ocupa\u00e7\u00e3o m\u00e9dia dos leitos de UTI de 61,33%, com 845 pessoas internadas com suspeita da doen\u00e7a. S\u00e3o os menores \u00edndices desde o pico da [&hellip;]<\/p>\n","protected":false},"author":96,"featured_media":161151,"comment_status":"closed","ping_status":"closed","sticky":false,"template":"","format":"standard","meta":{"footnotes":""},"categories":[436,440,254,439],"tags":[],"class_list":["post-169837","post","type-post","status-publish","format-standard","has-post-thumbnail","hentry","category-destaque-da-semana","category-destaques-do-dia","category-politica","category-ultima-hora"],"_links":{"self":[{"href":"https:\/\/diarioregionaldigital.com.br\/index.php?rest_route=\/wp\/v2\/posts\/169837","targetHints":{"allow":["GET"]}}],"collection":[{"href":"https:\/\/diarioregionaldigital.com.br\/index.php?rest_route=\/wp\/v2\/posts"}],"about":[{"href":"https:\/\/diarioregionaldigital.com.br\/index.php?rest_route=\/wp\/v2\/types\/post"}],"author":[{"embeddable":true,"href":"https:\/\/diarioregionaldigital.com.br\/index.php?rest_route=\/wp\/v2\/users\/96"}],"replies":[{"embeddable":true,"href":"https:\/\/diarioregionaldigital.com.br\/index.php?rest_route=%2Fwp%2Fv2%2Fcomments&post=169837"}],"version-history":[{"count":0,"href":"https:\/\/diarioregionaldigital.com.br\/index.php?rest_route=\/wp\/v2\/posts\/169837\/revisions"}],"wp:featuredmedia":[{"embeddable":true,"href":"https:\/\/diarioregionaldigital.com.br\/index.php?rest_route=\/wp\/v2\/media\/161151"}],"wp:attachment":[{"href":"https:\/\/diarioregionaldigital.com.br\/index.php?rest_route=%2Fwp%2Fv2%2Fmedia&parent=169837"}],"wp:term":[{"taxonomy":"category","embeddable":true,"href":"https:\/\/diarioregionaldigital.com.br\/index.php?rest_route=%2Fwp%2Fv2%2Fcategories&post=169837"},{"taxonomy":"post_tag","embeddable":true,"href":"https:\/\/diarioregionaldigital.com.br\/index.php?rest_route=%2Fwp%2Fv2%2Ftags&post=169837"}],"curies":[{"name":"wp","href":"https:\/\/api.w.org\/{rel}","templated":true}]}}