{"id":169833,"date":"2020-09-28T16:07:48","date_gmt":"2020-09-28T19:07:48","guid":{"rendered":"https:\/\/diarioregionaldigital.com.br\/?p=169833"},"modified":"2020-09-28T16:07:48","modified_gmt":"2020-09-28T19:07:48","slug":"pjf-busca-ampliar-cadastramento-de-familias-acolhedoras","status":"publish","type":"post","link":"https:\/\/diarioregionaldigital.com.br\/?p=169833","title":{"rendered":"PJF busca ampliar cadastramento de fam\u00edlias acolhedoras"},"content":{"rendered":"<div id=\"box_texto_noticia\">Acolher voluntariamente crian\u00e7a ou adolescente, entre zero e 18 anos incompletos, que necessita ser afastado temporariamente do conv\u00edvio familiar, por medida protetiva, em fun\u00e7\u00e3o de risco pessoal, social ou abandono. Este \u00e9 o objetivo do Servi\u00e7o de Acolhimento em Fam\u00edlia Acolhedora, onde os interessados podem fazer a diferen\u00e7a, possibilitando ambiente familiar, alternativo ao acolhimento institucional. Juiz de Fora precisa atingir a meta de 15 fam\u00edlias cadastradas. Atualmente s\u00e3o 10.<\/p>\n<p>O Servi\u00e7o da Secretaria de Desenvolvimento Social (SDS), da Prefeitura de Juiz de Fora (PJF), \u00e9 executado pela Ag\u00eancia Adventista de Desenvolvimento e Recursos Assistenciais (Adra). Os encaminhamentos realizados s\u00e3o pela Vara da Inf\u00e2ncia e Juventude, e as pessoas cadastradas acolhem crian\u00e7as e adolescentes durante o per\u00edodo em que a fam\u00edlia de origem se reorganiza, para receb\u00ea-los de volta, salvo os casos em que h\u00e1 medida de restri\u00e7\u00e3o. N\u00e3o \u00e9 processo de ado\u00e7\u00e3o e tem tempo determinado, podendo durar de um dia a 18 meses, dependendo de cada caso. Colaborar nesse processo exige cuidados, aten\u00e7\u00e3o diferenciada e local mais adequado ao seu desenvolvimento f\u00edsico e ps\u00edquico.<\/p>\n<p>O diferencial deste acolhimento \u00e9 oferecer conviv\u00eancia familiar e comunit\u00e1ria, garantindo aten\u00e7\u00e3o individualizada. As pessoas que demonstram interesse s\u00e3o selecionadas, capacitadas e acompanhadas por equipe composta por coordenador, psic\u00f3logo e assistente social. Elas recebem orienta\u00e7\u00f5es e suporte, com finalidade de promover o investimento nos cuidados integrais com a crian\u00e7a e o adolescente. A equipe de servi\u00e7o acompanha n\u00e3o s\u00f3 quem acolhe como tamb\u00e9m a origem. O programa segue as diretrizes do Estatuto da Crian\u00e7a e do Adolescente, especialmente no que se refere ao investimento na reintegra\u00e7\u00e3o.<\/p>\n<p><b>Como participar<\/b><\/p>\n<p>Para ser \u201cFam\u00edlia Acolhedora\u201d, o interessado \u00e9 cadastrado e passa pela avalia\u00e7\u00e3o do corpo t\u00e9cnico do servi\u00e7o, para, ent\u00e3o, ser habilitado a acolher. S\u00e3o necess\u00e1rios os seguintes requisitos:<\/p>\n<p>* Ser solid\u00e1rio;<br \/>\n* Ser volunt\u00e1rio;<br \/>\n* Ter disponibilidade emocional e afetiva;<br \/>\n* Ter entre 21 e 65 anos, sem restri\u00e7\u00e3o de estado civil;<br \/>\n* Morar em Juiz de Fora h\u00e1, pelo menos, dois anos;<br \/>\n* N\u00e3o ter antecedentes criminais;<br \/>\n* Ter boa sa\u00fade f\u00edsica e mental;<br \/>\n* N\u00e3o ter interesse em ado\u00e7\u00e3o e n\u00e3o estar inscrito(a) no Sistema Nacional de Ado\u00e7\u00e3o (SNA);<br \/>\n* Possuir disponibilidade para participar do processo de habilita\u00e7\u00e3o e das atividades do servi\u00e7o;<br \/>\n* Existir concord\u00e2ncia de todos os membros da fam\u00edlia com o acolhimento.<\/p>\n<p>Os interessados devem entrar em contato com o servi\u00e7o para agendar atendimento e entrevistas, e assim realizar o processo para cadastramento. Os telefones s\u00e3o: (32) 3031-9302 e (32) 99161-0060.<\/p><\/div>\n<div><\/div>\n<div><strong>Fonte:\u00a0<\/strong>Assessoria<\/div>\n<p>&nbsp;<\/p>\n<div id=\"box_compartilhar\" align=\"right\"><\/div>\n","protected":false},"excerpt":{"rendered":"<p>Acolher voluntariamente crian\u00e7a ou adolescente, entre zero e 18 anos incompletos, que necessita ser afastado temporariamente do conv\u00edvio familiar, por medida protetiva, em fun\u00e7\u00e3o de risco pessoal, social ou abandono. Este \u00e9 o objetivo do Servi\u00e7o de Acolhimento em Fam\u00edlia Acolhedora, onde os interessados podem fazer a diferen\u00e7a, possibilitando ambiente familiar, alternativo ao acolhimento institucional. [&hellip;]<\/p>\n","protected":false},"author":96,"featured_media":169835,"comment_status":"closed","ping_status":"closed","sticky":false,"template":"","format":"standard","meta":{"footnotes":""},"categories":[253,436,439],"tags":[],"class_list":["post-169833","post","type-post","status-publish","format-standard","has-post-thumbnail","hentry","category-cidade","category-destaque-da-semana","category-ultima-hora"],"_links":{"self":[{"href":"https:\/\/diarioregionaldigital.com.br\/index.php?rest_route=\/wp\/v2\/posts\/169833","targetHints":{"allow":["GET"]}}],"collection":[{"href":"https:\/\/diarioregionaldigital.com.br\/index.php?rest_route=\/wp\/v2\/posts"}],"about":[{"href":"https:\/\/diarioregionaldigital.com.br\/index.php?rest_route=\/wp\/v2\/types\/post"}],"author":[{"embeddable":true,"href":"https:\/\/diarioregionaldigital.com.br\/index.php?rest_route=\/wp\/v2\/users\/96"}],"replies":[{"embeddable":true,"href":"https:\/\/diarioregionaldigital.com.br\/index.php?rest_route=%2Fwp%2Fv2%2Fcomments&post=169833"}],"version-history":[{"count":0,"href":"https:\/\/diarioregionaldigital.com.br\/index.php?rest_route=\/wp\/v2\/posts\/169833\/revisions"}],"wp:featuredmedia":[{"embeddable":true,"href":"https:\/\/diarioregionaldigital.com.br\/index.php?rest_route=\/wp\/v2\/media\/169835"}],"wp:attachment":[{"href":"https:\/\/diarioregionaldigital.com.br\/index.php?rest_route=%2Fwp%2Fv2%2Fmedia&parent=169833"}],"wp:term":[{"taxonomy":"category","embeddable":true,"href":"https:\/\/diarioregionaldigital.com.br\/index.php?rest_route=%2Fwp%2Fv2%2Fcategories&post=169833"},{"taxonomy":"post_tag","embeddable":true,"href":"https:\/\/diarioregionaldigital.com.br\/index.php?rest_route=%2Fwp%2Fv2%2Ftags&post=169833"}],"curies":[{"name":"wp","href":"https:\/\/api.w.org\/{rel}","templated":true}]}}