{"id":169819,"date":"2020-09-28T14:39:10","date_gmt":"2020-09-28T17:39:10","guid":{"rendered":"https:\/\/diarioregionaldigital.com.br\/?p=169819"},"modified":"2020-09-28T14:39:10","modified_gmt":"2020-09-28T17:39:10","slug":"mulher-e-agredida-com-golpes-na-cabeca-durante-assalto-no-centro","status":"publish","type":"post","link":"https:\/\/diarioregionaldigital.com.br\/?p=169819","title":{"rendered":"Mulher \u00e9 agredida com golpes na cabe\u00e7a durante assalto no Centro"},"content":{"rendered":"<p>Na manh\u00e3 de domingo (27), uma mulher foi abordada por um indiv\u00edduo de baixa estatura, que simulando estar armado, apontou para a cabe\u00e7a da v\u00edtima e ordenou que a mesma entregasse o telefone celular. Ela ficou assustada e guardou o objeto em sua bolsa, por\u00e9m logo em seguida, o suspeito a segurou por tr\u00e1s e desferiu tr\u00eas socos em sua cabe\u00e7a, vindo a fugir do local. A Pol\u00edcia Militar (PM) foi acionada, por\u00e9m n\u00e3o localizou o autor.<\/p>\n","protected":false},"excerpt":{"rendered":"<p>Na manh\u00e3 de domingo (27), uma mulher foi abordada por um indiv\u00edduo de baixa estatura, que simulando estar armado, apontou para a cabe\u00e7a da v\u00edtima e ordenou que a mesma entregasse o telefone celular. Ela ficou assustada e guardou o objeto em sua bolsa, por\u00e9m logo em seguida, o suspeito a segurou por tr\u00e1s e [&hellip;]<\/p>\n","protected":false},"author":96,"featured_media":165308,"comment_status":"closed","ping_status":"closed","sticky":false,"template":"","format":"standard","meta":{"footnotes":""},"categories":[301,436,439],"tags":[],"class_list":["post-169819","post","type-post","status-publish","format-standard","has-post-thumbnail","hentry","category-artigos-policiais","category-destaque-da-semana","category-ultima-hora"],"_links":{"self":[{"href":"https:\/\/diarioregionaldigital.com.br\/index.php?rest_route=\/wp\/v2\/posts\/169819","targetHints":{"allow":["GET"]}}],"collection":[{"href":"https:\/\/diarioregionaldigital.com.br\/index.php?rest_route=\/wp\/v2\/posts"}],"about":[{"href":"https:\/\/diarioregionaldigital.com.br\/index.php?rest_route=\/wp\/v2\/types\/post"}],"author":[{"embeddable":true,"href":"https:\/\/diarioregionaldigital.com.br\/index.php?rest_route=\/wp\/v2\/users\/96"}],"replies":[{"embeddable":true,"href":"https:\/\/diarioregionaldigital.com.br\/index.php?rest_route=%2Fwp%2Fv2%2Fcomments&post=169819"}],"version-history":[{"count":0,"href":"https:\/\/diarioregionaldigital.com.br\/index.php?rest_route=\/wp\/v2\/posts\/169819\/revisions"}],"wp:featuredmedia":[{"embeddable":true,"href":"https:\/\/diarioregionaldigital.com.br\/index.php?rest_route=\/wp\/v2\/media\/165308"}],"wp:attachment":[{"href":"https:\/\/diarioregionaldigital.com.br\/index.php?rest_route=%2Fwp%2Fv2%2Fmedia&parent=169819"}],"wp:term":[{"taxonomy":"category","embeddable":true,"href":"https:\/\/diarioregionaldigital.com.br\/index.php?rest_route=%2Fwp%2Fv2%2Fcategories&post=169819"},{"taxonomy":"post_tag","embeddable":true,"href":"https:\/\/diarioregionaldigital.com.br\/index.php?rest_route=%2Fwp%2Fv2%2Ftags&post=169819"}],"curies":[{"name":"wp","href":"https:\/\/api.w.org\/{rel}","templated":true}]}}