{"id":169816,"date":"2020-09-28T14:32:27","date_gmt":"2020-09-28T17:32:27","guid":{"rendered":"https:\/\/diarioregionaldigital.com.br\/?p=169816"},"modified":"2020-09-28T14:34:08","modified_gmt":"2020-09-28T17:34:08","slug":"tres-individuos-sao-presos-por-envolvimento-em-trafico-de-drogas-no-retiro","status":"publish","type":"post","link":"https:\/\/diarioregionaldigital.com.br\/?p=169816","title":{"rendered":"Tr\u00eas indiv\u00edduos s\u00e3o presos por envolvimento em tr\u00e1fico de drogas no Retiro"},"content":{"rendered":"<p>A Pol\u00edcia Militar (PM) efetuou uma Opera\u00e7\u00e3o no Bairro Retiro (Regi\u00e3o Sudeste) em Juiz de Fora, para combater o tr\u00e1fico de drogas. Os militares fizeram observa\u00e7\u00e3o no local e avistou tr\u00eas autores, de 23, 30 e 32 anos, bem como o esconderijo das drogas. Logo em seguida, a guarni\u00e7\u00e3o realizou abordagem e prendeu os suspeitos em flagrante. Durante buscas, foram encontrados 25 papelotes de coca\u00edna, 14 buchas de maconha, duas por\u00e7\u00f5es de subst\u00e2ncia branca, 10 tubos de <span style=\"font-weight: 400;\">cloridrato de lidoca\u00edna, quatro corantes artificial, dois estiletes, uma faca, um cord\u00e3o de ouro, R$ 1430,00 em dinheiro e materiais para embalar drogas. Autores presos em flagrante e materiais apreendidos.<\/span><\/p>\n","protected":false},"excerpt":{"rendered":"<p>A Pol\u00edcia Militar (PM) efetuou uma Opera\u00e7\u00e3o no Bairro Retiro (Regi\u00e3o Sudeste) em Juiz de Fora, para combater o tr\u00e1fico de drogas. Os militares fizeram observa\u00e7\u00e3o no local e avistou tr\u00eas autores, de 23, 30 e 32 anos, bem como o esconderijo das drogas. Logo em seguida, a guarni\u00e7\u00e3o realizou abordagem e prendeu os suspeitos [&hellip;]<\/p>\n","protected":false},"author":96,"featured_media":169817,"comment_status":"closed","ping_status":"closed","sticky":false,"template":"","format":"standard","meta":{"footnotes":""},"categories":[301,436,439],"tags":[],"class_list":["post-169816","post","type-post","status-publish","format-standard","has-post-thumbnail","hentry","category-artigos-policiais","category-destaque-da-semana","category-ultima-hora"],"_links":{"self":[{"href":"https:\/\/diarioregionaldigital.com.br\/index.php?rest_route=\/wp\/v2\/posts\/169816","targetHints":{"allow":["GET"]}}],"collection":[{"href":"https:\/\/diarioregionaldigital.com.br\/index.php?rest_route=\/wp\/v2\/posts"}],"about":[{"href":"https:\/\/diarioregionaldigital.com.br\/index.php?rest_route=\/wp\/v2\/types\/post"}],"author":[{"embeddable":true,"href":"https:\/\/diarioregionaldigital.com.br\/index.php?rest_route=\/wp\/v2\/users\/96"}],"replies":[{"embeddable":true,"href":"https:\/\/diarioregionaldigital.com.br\/index.php?rest_route=%2Fwp%2Fv2%2Fcomments&post=169816"}],"version-history":[{"count":0,"href":"https:\/\/diarioregionaldigital.com.br\/index.php?rest_route=\/wp\/v2\/posts\/169816\/revisions"}],"wp:featuredmedia":[{"embeddable":true,"href":"https:\/\/diarioregionaldigital.com.br\/index.php?rest_route=\/wp\/v2\/media\/169817"}],"wp:attachment":[{"href":"https:\/\/diarioregionaldigital.com.br\/index.php?rest_route=%2Fwp%2Fv2%2Fmedia&parent=169816"}],"wp:term":[{"taxonomy":"category","embeddable":true,"href":"https:\/\/diarioregionaldigital.com.br\/index.php?rest_route=%2Fwp%2Fv2%2Fcategories&post=169816"},{"taxonomy":"post_tag","embeddable":true,"href":"https:\/\/diarioregionaldigital.com.br\/index.php?rest_route=%2Fwp%2Fv2%2Ftags&post=169816"}],"curies":[{"name":"wp","href":"https:\/\/api.w.org\/{rel}","templated":true}]}}