{"id":169813,"date":"2020-09-28T14:25:54","date_gmt":"2020-09-28T17:25:54","guid":{"rendered":"https:\/\/diarioregionaldigital.com.br\/?p=169813"},"modified":"2020-09-28T14:25:54","modified_gmt":"2020-09-28T17:25:54","slug":"pm-apreende-drogas-armas-de-fogo-e-outros-materiais-em-operacao-na-regiao-sudeste","status":"publish","type":"post","link":"https:\/\/diarioregionaldigital.com.br\/?p=169813","title":{"rendered":"PM apreende drogas, armas de fogo e outros materiais em opera\u00e7\u00e3o na Regi\u00e3o Sudeste"},"content":{"rendered":"<p><span style=\"font-weight: 400;\">Nesta segunda-feira (28), a Pol\u00edcia Militar (PM), realizava um patrulhamento pelo Bairro Retiro (Regi\u00e3o Sudeste), quando recebeu informa\u00e7\u00f5es sobre um ve\u00edculo de cor branca, cujos ocupantes estariam efetuando tr\u00e1fico de drogas no munic\u00edpio de Ch\u00e1cara e que os mesmos viriam para Juiz de Fora.<\/span><\/p>\n<p><span style=\"font-weight: 400;\">Com informa\u00e7\u00f5es em m\u00e3os, os militares refor\u00e7aram o policiamento na regi\u00e3o, quando em um determinado momento, avistou um autom\u00f3vel com as mesmas caracter\u00edsticas repassadas na den\u00fancia. No momento em que o ve\u00edculo seria abordado, um dos ocupantes arremessou um objeto em via p\u00fablica\u00a0<\/span><\/p>\n<p><span style=\"font-weight: 400;\">Durante abordagem, a guarni\u00e7\u00e3o encontrou outros materiais il\u00edcitos dentro do carro e outros objetos que haviam sido arremessados. Em relatos, os indiv\u00edduos contam que s\u00e3o gerentes do tr\u00e1fico de drogas no Bairro Vila Ideal e que haviam mais entorpecentes em suas resid\u00eancias.<\/span><\/p>\n<p><span style=\"font-weight: 400;\">Dando prosseguimento \u00e0s dilig\u00eancias, a PM se deslocou at\u00e9 os referidos im\u00f3veis dos autores e ap\u00f3s rastreamentos, foram apreendidos os seguintes materiais: um rev\u00f3lver e 16 muni\u00e7\u00f5es calibre 38, tr\u00eas buchas de maconha, 128 papelotes de coca\u00edna, pap\u00e9is contendo dados de movimenta\u00e7\u00e3o do tr\u00e1fico, duas balan\u00e7as de precis\u00e3o, diversos sacol\u00e9s para embalar drogas, dois celulares e a quantia de R$ 7.620,50 em dinheiro.<\/span><\/p>\n<p><span style=\"font-weight: 400;\">Os autores foram presos em flagrante e conduzidos para a Delegacia, junto com os materiais apreendidos, para devidas provid\u00eancias. O ve\u00edculo utilizado pelos indiv\u00edduos tamb\u00e9m foi apreendido. <\/span><\/p>\n","protected":false},"excerpt":{"rendered":"<p>Nesta segunda-feira (28), a Pol\u00edcia Militar (PM), realizava um patrulhamento pelo Bairro Retiro (Regi\u00e3o Sudeste), quando recebeu informa\u00e7\u00f5es sobre um ve\u00edculo de cor branca, cujos ocupantes estariam efetuando tr\u00e1fico de drogas no munic\u00edpio de Ch\u00e1cara e que os mesmos viriam para Juiz de Fora. Com informa\u00e7\u00f5es em m\u00e3os, os militares refor\u00e7aram o policiamento na regi\u00e3o, [&hellip;]<\/p>\n","protected":false},"author":96,"featured_media":169814,"comment_status":"closed","ping_status":"closed","sticky":false,"template":"","format":"standard","meta":{"footnotes":""},"categories":[301,436,440,439],"tags":[],"class_list":["post-169813","post","type-post","status-publish","format-standard","has-post-thumbnail","hentry","category-artigos-policiais","category-destaque-da-semana","category-destaques-do-dia","category-ultima-hora"],"_links":{"self":[{"href":"https:\/\/diarioregionaldigital.com.br\/index.php?rest_route=\/wp\/v2\/posts\/169813","targetHints":{"allow":["GET"]}}],"collection":[{"href":"https:\/\/diarioregionaldigital.com.br\/index.php?rest_route=\/wp\/v2\/posts"}],"about":[{"href":"https:\/\/diarioregionaldigital.com.br\/index.php?rest_route=\/wp\/v2\/types\/post"}],"author":[{"embeddable":true,"href":"https:\/\/diarioregionaldigital.com.br\/index.php?rest_route=\/wp\/v2\/users\/96"}],"replies":[{"embeddable":true,"href":"https:\/\/diarioregionaldigital.com.br\/index.php?rest_route=%2Fwp%2Fv2%2Fcomments&post=169813"}],"version-history":[{"count":0,"href":"https:\/\/diarioregionaldigital.com.br\/index.php?rest_route=\/wp\/v2\/posts\/169813\/revisions"}],"wp:featuredmedia":[{"embeddable":true,"href":"https:\/\/diarioregionaldigital.com.br\/index.php?rest_route=\/wp\/v2\/media\/169814"}],"wp:attachment":[{"href":"https:\/\/diarioregionaldigital.com.br\/index.php?rest_route=%2Fwp%2Fv2%2Fmedia&parent=169813"}],"wp:term":[{"taxonomy":"category","embeddable":true,"href":"https:\/\/diarioregionaldigital.com.br\/index.php?rest_route=%2Fwp%2Fv2%2Fcategories&post=169813"},{"taxonomy":"post_tag","embeddable":true,"href":"https:\/\/diarioregionaldigital.com.br\/index.php?rest_route=%2Fwp%2Fv2%2Ftags&post=169813"}],"curies":[{"name":"wp","href":"https:\/\/api.w.org\/{rel}","templated":true}]}}