{"id":169810,"date":"2020-09-28T14:08:34","date_gmt":"2020-09-28T17:08:34","guid":{"rendered":"https:\/\/diarioregionaldigital.com.br\/?p=169810"},"modified":"2020-09-28T16:05:26","modified_gmt":"2020-09-28T19:05:26","slug":"incendio-e-registrado-em-ibitipoca","status":"publish","type":"post","link":"https:\/\/diarioregionaldigital.com.br\/?p=169810","title":{"rendered":"Inc\u00eandio \u00e9 registrado em Ibitipoca"},"content":{"rendered":"<p>O Corpo de Bombeiros confirmou a ocorr\u00eancia de inc\u00eandio, na regi\u00e3o do Parque Estadual do Ibitipoca. Segundo as primeiras informa\u00e7\u00f5es, as chamas est\u00e3o localizadas <span style=\"font-weight: 400;\">\u00a0em \u00e1rea de atua\u00e7\u00e3o do batalh\u00e3o de Juiz de Fora, dentro do parque mas longe do camping. <\/span><span style=\"font-weight: 400;\">H\u00e1 uma guarni\u00e7\u00e3o com tr\u00eas bombeiros militares no local e 75 brigadistas do parque em atua\u00e7\u00e3o. Foi acionado um helic\u00f3ptero do Corpo de Bombeiros para avalia\u00e7\u00e3o da \u00e1rea e apoio no combate.<\/span><\/p>\n","protected":false},"excerpt":{"rendered":"<p>O Corpo de Bombeiros confirmou a ocorr\u00eancia de inc\u00eandio, na regi\u00e3o do Parque Estadual do Ibitipoca. Segundo as primeiras informa\u00e7\u00f5es, as chamas est\u00e3o localizadas \u00a0em \u00e1rea de atua\u00e7\u00e3o do batalh\u00e3o de Juiz de Fora, dentro do parque mas longe do camping. H\u00e1 uma guarni\u00e7\u00e3o com tr\u00eas bombeiros militares no local e 75 brigadistas do parque [&hellip;]<\/p>\n","protected":false},"author":96,"featured_media":169834,"comment_status":"closed","ping_status":"closed","sticky":false,"template":"","format":"standard","meta":{"footnotes":""},"categories":[436,440,252,439],"tags":[],"class_list":["post-169810","post","type-post","status-publish","format-standard","has-post-thumbnail","hentry","category-destaque-da-semana","category-destaques-do-dia","category-regiao","category-ultima-hora"],"_links":{"self":[{"href":"https:\/\/diarioregionaldigital.com.br\/index.php?rest_route=\/wp\/v2\/posts\/169810","targetHints":{"allow":["GET"]}}],"collection":[{"href":"https:\/\/diarioregionaldigital.com.br\/index.php?rest_route=\/wp\/v2\/posts"}],"about":[{"href":"https:\/\/diarioregionaldigital.com.br\/index.php?rest_route=\/wp\/v2\/types\/post"}],"author":[{"embeddable":true,"href":"https:\/\/diarioregionaldigital.com.br\/index.php?rest_route=\/wp\/v2\/users\/96"}],"replies":[{"embeddable":true,"href":"https:\/\/diarioregionaldigital.com.br\/index.php?rest_route=%2Fwp%2Fv2%2Fcomments&post=169810"}],"version-history":[{"count":0,"href":"https:\/\/diarioregionaldigital.com.br\/index.php?rest_route=\/wp\/v2\/posts\/169810\/revisions"}],"wp:featuredmedia":[{"embeddable":true,"href":"https:\/\/diarioregionaldigital.com.br\/index.php?rest_route=\/wp\/v2\/media\/169834"}],"wp:attachment":[{"href":"https:\/\/diarioregionaldigital.com.br\/index.php?rest_route=%2Fwp%2Fv2%2Fmedia&parent=169810"}],"wp:term":[{"taxonomy":"category","embeddable":true,"href":"https:\/\/diarioregionaldigital.com.br\/index.php?rest_route=%2Fwp%2Fv2%2Fcategories&post=169810"},{"taxonomy":"post_tag","embeddable":true,"href":"https:\/\/diarioregionaldigital.com.br\/index.php?rest_route=%2Fwp%2Fv2%2Ftags&post=169810"}],"curies":[{"name":"wp","href":"https:\/\/api.w.org\/{rel}","templated":true}]}}