{"id":169807,"date":"2020-09-28T14:00:22","date_gmt":"2020-09-28T17:00:22","guid":{"rendered":"https:\/\/diarioregionaldigital.com.br\/?p=169807"},"modified":"2020-09-28T14:00:22","modified_gmt":"2020-09-28T17:00:22","slug":"taxa-media-de-juros-para-familias-cai-diz-banco-central","status":"publish","type":"post","link":"https:\/\/diarioregionaldigital.com.br\/?p=169807","title":{"rendered":"Taxa m\u00e9dia de juros para fam\u00edlias cai, diz Banco Central"},"content":{"rendered":"<p><span style=\"font-weight: 400;\">As fam\u00edlias pagaram taxas de juros mais baixas em agosto, de acordo com as Estat\u00edsticas Monet\u00e1rias e de Cr\u00e9dito divulgadas nesta segunda-feira (28), em Bras\u00edlia, pelo Banco Central (BC). <\/span><\/p>\n<p><span style=\"font-weight: 400;\">A taxa m\u00e9dia de juros para as pessoas f\u00edsicas no cr\u00e9dito livre chegou a 39% ao ano, recuo de 0,9 ponto percentual em rela\u00e7\u00e3o a julho. J\u00e1 a taxa m\u00e9dia das empresas ficou est\u00e1vel em 12,4% ao ano.<\/span><\/p>\n<p><span style=\"font-weight: 400;\">A taxa do cr\u00e9dito pessoal (n\u00e3o consignado) chegou a 70,3% ao ano, com redu\u00e7\u00e3o de 12 pontos percentuais em rela\u00e7\u00e3o a julho. Os juros do cr\u00e9dito consignado ca\u00edram 0,1 ponto percentual para 18,9% ao ano. A taxa do cheque especial chegou a 112,6% ao ano em agosto, queda de 0,9 ponto percentual em rela\u00e7\u00e3o a julho.<\/span><\/p>\n<p><span style=\"font-weight: 400;\">Os juros m\u00e9dios do rotativo do cart\u00e3o de cr\u00e9dito tamb\u00e9m diminu\u00edram. A taxa chegou a 310,2% ao ano, com queda de 1,8 ponto percentual. No caso do rotativo regular, quando o cliente paga pelo menos o valor m\u00ednimo da fatura, a taxa chegou a 270,3% ao ano, queda de 8,9 pontos percentuais.<\/span><\/p>\n<p><b>Rotativo<\/b><\/p>\n<p><span style=\"font-weight: 400;\">A taxa do rotativo n\u00e3o regular (dos clientes que n\u00e3o pagaram ou atrasaram o pagamento m\u00ednimo da fatura) subiu e chegou a 335,2% ao ano, alta de 3,5 pontos percentuais em rela\u00e7\u00e3o ao m\u00eas anterior.<\/span><\/p>\n<p><span style=\"font-weight: 400;\">Essas taxas s\u00e3o do cr\u00e9dito livre, em que os bancos t\u00eam autonomia para emprestar o dinheiro captado no mercado e definir as taxas de juros cobradas dos clientes. J\u00e1 o cr\u00e9dito direcionado tem regras definidas pelo governo, e \u00e9 destinado, basicamente, aos setores habitacional, rural, de infraestrutura e ao microcr\u00e9dito.<\/span><\/p>\n<p><span style=\"font-weight: 400;\">No caso do cr\u00e9dito direcionado, a taxa m\u00e9dia para pessoas f\u00edsicas manteve-se est\u00e1vel em 7,1% ao ano. Para as empresas, a taxa subiu 0,3 ponto percentual para 7,4% ao ano.<\/span><\/p>\n<p><b>Inadimpl\u00eancia<\/b><\/p>\n<p><span style=\"font-weight: 400;\">A inadimpl\u00eancia (considerados atrasos acima de 90 dias) das fam\u00edlias, no cr\u00e9dito livre, caiu 0,3 ponto percentual, indo para 4,8%.<\/span><\/p>\n<p><span style=\"font-weight: 400;\">A inadimpl\u00eancia das empresas no cr\u00e9dito livre recuou 0,2 ponto percentual para 1,6%, informou o Banco Central.<\/span><\/p>\n<p><strong>Fonte:<\/strong> Ag\u00eancia Brasil<\/p>\n","protected":false},"excerpt":{"rendered":"<p>As fam\u00edlias pagaram taxas de juros mais baixas em agosto, de acordo com as Estat\u00edsticas Monet\u00e1rias e de Cr\u00e9dito divulgadas nesta segunda-feira (28), em Bras\u00edlia, pelo Banco Central (BC). A taxa m\u00e9dia de juros para as pessoas f\u00edsicas no cr\u00e9dito livre chegou a 39% ao ano, recuo de 0,9 ponto percentual em rela\u00e7\u00e3o a julho. [&hellip;]<\/p>\n","protected":false},"author":96,"featured_media":169808,"comment_status":"closed","ping_status":"closed","sticky":false,"template":"","format":"standard","meta":{"footnotes":""},"categories":[436,261,439],"tags":[],"class_list":["post-169807","post","type-post","status-publish","format-standard","has-post-thumbnail","hentry","category-destaque-da-semana","category-economia","category-ultima-hora"],"_links":{"self":[{"href":"https:\/\/diarioregionaldigital.com.br\/index.php?rest_route=\/wp\/v2\/posts\/169807","targetHints":{"allow":["GET"]}}],"collection":[{"href":"https:\/\/diarioregionaldigital.com.br\/index.php?rest_route=\/wp\/v2\/posts"}],"about":[{"href":"https:\/\/diarioregionaldigital.com.br\/index.php?rest_route=\/wp\/v2\/types\/post"}],"author":[{"embeddable":true,"href":"https:\/\/diarioregionaldigital.com.br\/index.php?rest_route=\/wp\/v2\/users\/96"}],"replies":[{"embeddable":true,"href":"https:\/\/diarioregionaldigital.com.br\/index.php?rest_route=%2Fwp%2Fv2%2Fcomments&post=169807"}],"version-history":[{"count":0,"href":"https:\/\/diarioregionaldigital.com.br\/index.php?rest_route=\/wp\/v2\/posts\/169807\/revisions"}],"wp:featuredmedia":[{"embeddable":true,"href":"https:\/\/diarioregionaldigital.com.br\/index.php?rest_route=\/wp\/v2\/media\/169808"}],"wp:attachment":[{"href":"https:\/\/diarioregionaldigital.com.br\/index.php?rest_route=%2Fwp%2Fv2%2Fmedia&parent=169807"}],"wp:term":[{"taxonomy":"category","embeddable":true,"href":"https:\/\/diarioregionaldigital.com.br\/index.php?rest_route=%2Fwp%2Fv2%2Fcategories&post=169807"},{"taxonomy":"post_tag","embeddable":true,"href":"https:\/\/diarioregionaldigital.com.br\/index.php?rest_route=%2Fwp%2Fv2%2Ftags&post=169807"}],"curies":[{"name":"wp","href":"https:\/\/api.w.org\/{rel}","templated":true}]}}