{"id":169804,"date":"2020-09-28T13:55:11","date_gmt":"2020-09-28T16:55:11","guid":{"rendered":"https:\/\/diarioregionaldigital.com.br\/?p=169804"},"modified":"2020-09-28T13:55:11","modified_gmt":"2020-09-28T16:55:11","slug":"rombo-em-2020-pode-ser-de-r-8958-bilhoes-diz-secretario-de-fazenda","status":"publish","type":"post","link":"https:\/\/diarioregionaldigital.com.br\/?p=169804","title":{"rendered":"Rombo em 2020 pode ser de R$ 895,8 bilh\u00f5es, diz secret\u00e1rio de Fazenda"},"content":{"rendered":"<p><span style=\"font-weight: 400;\">As contas p\u00fablicas em 2020 devem somar um d\u00e9ficit de R$ 895,8 bilh\u00f5es. A estimativa \u00e9 do secret\u00e1rio especial de Fazenda do Minist\u00e9rio da Economia, Waldery Rodrigues Junior, feita nesta segunda-feira (28) durante a audi\u00eancia p\u00fablica mensal de balan\u00e7o das a\u00e7\u00f5es governamentais na pandemia, na comiss\u00e3o de acompanhamento dos gastos com a covid-19. As contas do setor p\u00fablico consolidado englobam o governo, os estados, os munic\u00edpios e as empresas estatais.<\/span><\/p>\n<p><span style=\"font-weight: 400;\">Segundo Waldery, essa cifra representa 12,5% do produto interno bruto (PIB) brasileiro, o pior resultado dos \u00faltimos anos. No entanto, ele defendeu que s\u00e3o gastos justific\u00e1veis na pandemia mais s\u00e9ria e mais grave do \u00faltimo s\u00e9culo.<\/span><\/p>\n<p><span style=\"font-weight: 400;\">\u201c\u00c9 um n\u00famero muito elevado, mas \u00e9 justificado, trabalhamos com ele contido em 2020. E, para efeitos comparativos, o resultado prim\u00e1rio do setor p\u00fablico consolidado mais grave que tivemos foi, no comecinho de 2016, da ordem de 2,6% do PIB. Agora, subir\u00e1 para 12,5% do PIB, o que mostra n\u00e3o s\u00f3 a severidade dessa crise, mas tamb\u00e9m a celeridade, a a\u00e7\u00e3o pronta do governo, buscando transpar\u00eancia, conservadorismo e efic\u00e1cia\u201d afirmou.<\/span><\/p>\n<p><span style=\"font-weight: 400;\">A estimativa \u00e9 de que as contas do governo registrem um deficit prim\u00e1rio de R$ 871 bilh\u00f5es, estados e munic\u00edpios, de R$ 23,6 bilh\u00f5es, e as estatais devem ter um resultado negativo de R$ 1,2 bilh\u00e3o este ano. Tamb\u00e9m se prev\u00ea o PIB em queda, de 4,7%.<\/span><\/p>\n<p><b>Gastos<\/b><\/p>\n<p><span style=\"font-weight: 400;\">Segundo Waldery, os gastos adicionais do governo para lutar contra a crise sanit\u00e1ria e econ\u00f4mica causada pelo novo coronav\u00edrus somam R$ 607,2 bilh\u00f5es, sendo R$ 20,6 bilh\u00f5es (3%) origin\u00e1rios de ren\u00fancia de receita, com redu\u00e7\u00e3o de impostos como o de importa\u00e7\u00e3o e o de opera\u00e7\u00f5es financeiras. E R$ 586,6% (97%), de despesas, como o aux\u00edlio emergencial, que custou R$ 321,8 bilh\u00f5es, e outras 24 medidas como o Beneficio Emergencial de Manuten\u00e7\u00e3o do Emprego e da Renda (Bem) e o Programa Nacional de Apoio \u00e0s Microempresas e Empresas de Pequeno Porte (Pronampe).<\/span><\/p>\n<p><span style=\"font-weight: 400;\">Ainda existem outras medidas j\u00e1 em curso, mas que n\u00e3o t\u00eam dota\u00e7\u00e3o or\u00e7ament\u00e1ria, como os R$ 2,5 bilh\u00f5es a ser destinados para o Acesso Global das Vacinas.<\/span><\/p>\n<p><span style=\"font-weight: 400;\">Pelos c\u00e1lculos da equipe econ\u00f4mica, isso representa 8,4% do PIB de esfor\u00e7o extra. Numa compara\u00e7\u00e3o internacional, o Brasil gastou mais do que a m\u00e9dia dos pa\u00edses avan\u00e7ados, que foi de 7,1%, e quase o dobro dos pa\u00edses em desenvolvimento, cuja m\u00e9dia foi de 4,3% do PIB.<\/span><\/p>\n<p><span style=\"font-weight: 400;\">\u201cEstamos \u00e0 frente da m\u00e9dia, tanto do mundo avan\u00e7ado quanto dos emergentes, mas isso \u00e9 feito de maneira contida em 2020, \u00e9 assim que trabalhamos, e zelando para que n\u00e3o haja forte endividamento ou haja o menor endividamento poss\u00edvel para que n\u00e3o sobrecaia \u00f4nus ou sobrecaia o menor \u00f4nus poss\u00edvel sobre as gera\u00e7\u00f5es futuras\u201d salientou.<\/span><\/p>\n<p><b>Reformas<\/b><\/p>\n<p><span style=\"font-weight: 400;\">Waldery Rodrigues frisou, durante a apresenta\u00e7\u00e3o inicial, que o governo buscou, com conservadorismo, transpar\u00eancia nos gastos, zelo com a coisa p\u00fablica e atendimento \u00e0s regras fiscais, em particular o teto de gastos, a manuten\u00e7\u00e3o do emprego e da renda e a prote\u00e7\u00e3o aos mais vulner\u00e1veis. Mas o secret\u00e1rio fez um apelo ao Congresso para o futuro:<\/span><\/p>\n<p><span style=\"font-weight: 400;\">\u201cA continuidade das reformas \u00e9 o caminho imprescind\u00edvel para termos equil\u00edbrio fiscal em toda a Federa\u00e7\u00e3o brasileira, n\u00e3o somente a Uni\u00e3o, mas tamb\u00e9m estados e munic\u00edpios\u201d.<\/span><\/p>\n<p><span style=\"font-weight: 400;\">Ele mencionou que a agenda de reformas estruturais \u00e9 imprescind\u00edvel e important\u00edssima principalmente para o p\u00f3s-covid, e citou algumas medidas cuja aprova\u00e7\u00e3o pelo Congresso considera essenciais: a continuidade dos programas de concess\u00e3o e privatiza\u00e7\u00e3o; revis\u00e3o do pacto federativo; liberaliza\u00e7\u00e3o comercial; redu\u00e7\u00e3o de subs\u00eddios; reformas administrativa e tribut\u00e1ria; novo marco legal do trabalho; marcos legais que dever\u00e3o facilitar o investimento p\u00fablico, como o da cabotagem, novo mercado de g\u00e1s; e a Lei de Fal\u00eancias e Recupera\u00e7\u00e3o Judicial; e a autonomia do Banco Central.<\/span><\/p>\n<p><strong>Fonte:<\/strong> Ag\u00eancia Senado<\/p>\n","protected":false},"excerpt":{"rendered":"<p>As contas p\u00fablicas em 2020 devem somar um d\u00e9ficit de R$ 895,8 bilh\u00f5es. A estimativa \u00e9 do secret\u00e1rio especial de Fazenda do Minist\u00e9rio da Economia, Waldery Rodrigues Junior, feita nesta segunda-feira (28) durante a audi\u00eancia p\u00fablica mensal de balan\u00e7o das a\u00e7\u00f5es governamentais na pandemia, na comiss\u00e3o de acompanhamento dos gastos com a covid-19. As contas [&hellip;]<\/p>\n","protected":false},"author":96,"featured_media":169805,"comment_status":"closed","ping_status":"closed","sticky":false,"template":"","format":"standard","meta":{"footnotes":""},"categories":[436,261,439],"tags":[],"class_list":["post-169804","post","type-post","status-publish","format-standard","has-post-thumbnail","hentry","category-destaque-da-semana","category-economia","category-ultima-hora"],"_links":{"self":[{"href":"https:\/\/diarioregionaldigital.com.br\/index.php?rest_route=\/wp\/v2\/posts\/169804","targetHints":{"allow":["GET"]}}],"collection":[{"href":"https:\/\/diarioregionaldigital.com.br\/index.php?rest_route=\/wp\/v2\/posts"}],"about":[{"href":"https:\/\/diarioregionaldigital.com.br\/index.php?rest_route=\/wp\/v2\/types\/post"}],"author":[{"embeddable":true,"href":"https:\/\/diarioregionaldigital.com.br\/index.php?rest_route=\/wp\/v2\/users\/96"}],"replies":[{"embeddable":true,"href":"https:\/\/diarioregionaldigital.com.br\/index.php?rest_route=%2Fwp%2Fv2%2Fcomments&post=169804"}],"version-history":[{"count":0,"href":"https:\/\/diarioregionaldigital.com.br\/index.php?rest_route=\/wp\/v2\/posts\/169804\/revisions"}],"wp:featuredmedia":[{"embeddable":true,"href":"https:\/\/diarioregionaldigital.com.br\/index.php?rest_route=\/wp\/v2\/media\/169805"}],"wp:attachment":[{"href":"https:\/\/diarioregionaldigital.com.br\/index.php?rest_route=%2Fwp%2Fv2%2Fmedia&parent=169804"}],"wp:term":[{"taxonomy":"category","embeddable":true,"href":"https:\/\/diarioregionaldigital.com.br\/index.php?rest_route=%2Fwp%2Fv2%2Fcategories&post=169804"},{"taxonomy":"post_tag","embeddable":true,"href":"https:\/\/diarioregionaldigital.com.br\/index.php?rest_route=%2Fwp%2Fv2%2Ftags&post=169804"}],"curies":[{"name":"wp","href":"https:\/\/api.w.org\/{rel}","templated":true}]}}