{"id":169801,"date":"2020-09-28T13:47:11","date_gmt":"2020-09-28T16:47:11","guid":{"rendered":"https:\/\/diarioregionaldigital.com.br\/?p=169801"},"modified":"2020-09-28T13:47:11","modified_gmt":"2020-09-28T16:47:11","slug":"chega-a-59-milhoes-numero-de-pessoas-que-nao-cumprem-o-distanciamento-social-na-1a-semana-de-setembro","status":"publish","type":"post","link":"https:\/\/diarioregionaldigital.com.br\/?p=169801","title":{"rendered":"Chega a 5,9 milh\u00f5es n\u00famero de pessoas que n\u00e3o cumprem o distanciamento social na 1\u00aa semana de setembro"},"content":{"rendered":"<p><span style=\"font-weight: 400;\">O n\u00famero de pessoas que n\u00e3o tomaram nenhuma medida de restri\u00e7\u00e3o para evitar o cont\u00e1gio pelo novo coronav\u00edrus subiu para 5,9 milh\u00f5es na primeira semana de setembro, chegando ao maior patamar desde que o IBGE come\u00e7ou a coletar esse dado, no in\u00edcio de julho. Na semana anterior, eram 5,0 milh\u00f5es.<\/span><\/p>\n<p><span style=\"font-weight: 400;\">Do mesmo modo, continuou diminuindo o grupo de pessoas que ficou rigorosamente isolado (37,3 milh\u00f5es), uma queda de 1,6 milh\u00e3o, na compara\u00e7\u00e3o com a \u00faltima semana de agosto. Desde o in\u00edcio de julho, esse grupo mostrou redu\u00e7\u00e3o de 10,6 milh\u00f5es de pessoas.<\/span><\/p>\n<p><span style=\"font-weight: 400;\">A maior parte da popula\u00e7\u00e3o (86,4 milh\u00f5es), contudo, ficou em casa e s\u00f3 saiu por necessidade na primeira semana de setembro. Esse n\u00famero, por\u00e9m, teve redu\u00e7\u00e3o de 2,2 milh\u00f5es na compara\u00e7\u00e3o com a semana anterior. Por outro lado, aumentou em 3,6 milh\u00f5es o n\u00famero de pessoas que reduziu o contato, mas continuou saindo de casa ou recebendo visitas (80,7 milh\u00f5es).<\/span><\/p>\n<p><span style=\"font-weight: 400;\">\u201cEsse comportamento da popula\u00e7\u00e3o reflete a flexibiliza\u00e7\u00e3o das medidas de distanciamento social, com a retomada das atividades econ\u00f4micas. A maioria da popula\u00e7\u00e3o, contudo, ainda est\u00e1 tomando alguma medida contra a Covid-19, mesmo que menos restritiva\u201d, disse a coordenadora da pesquisa, Maria Lucia Vieira.<\/span><\/p>\n<p><b>Sobe para 38 milh\u00f5es n\u00famero de estudantes que tiveram atividade escolar<\/b><\/p>\n<p><span style=\"font-weight: 400;\">Na primeira semana de setembro, dos 46,0 milh\u00f5es de estudantes que estavam matriculados em escolas e universidades, 38,0 milh\u00f5es (82,7%) tiveram alguma atividade, um aumento de 631 mil estudantes na compara\u00e7\u00e3o com a semana anterior. \u201cApesar disso, ainda tivemos 7,3 milh\u00f5es (15,8%) sem qualquer atividade para realizar\u201d, destaca Maria Lucia. O restante estava de f\u00e9rias (1,5%).<\/span><\/p>\n<p><span style=\"font-weight: 400;\">A pesquisa detalha tamb\u00e9m que apenas 25 milh\u00f5es (65,6%) tiveram atividades escolares durante cinco dias da semana. Outros 835 mil estudantes (2,2%) s\u00f3 tiveram atividades uma vez por semana.<\/span><\/p>\n<p><b>Menos de 10 milh\u00f5es de pessoas tiveram sintomas de s\u00edndrome gripal<\/b><\/p>\n<p><span style=\"font-weight: 400;\">Maria Lucia tamb\u00e9m destaca a redu\u00e7\u00e3o de 1,4 milh\u00e3o no n\u00famero de pessoas que tiveram algum sintoma relacionado \u00e0 s\u00edndrome gripal na primeira semana de setembro (9,9 milh\u00f5es), na compara\u00e7\u00e3o com a semana anterior (11,3 milh\u00f5es). \u201cFoi uma queda significativa nesse indicador. Houve redu\u00e7\u00e3o em todos 12 sintomas pesquisados\u201d, afirmou Maria Lucia. No in\u00edcio da pesquisa, em maio, 26,8 milh\u00f5es relataram algum sintoma.<\/span><\/p>\n<p><span style=\"font-weight: 400;\">J\u00e1 entre as pessoas que tiveram algum sintoma, 2,4 milh\u00f5es buscaram atendimento m\u00e9dico em estabelecimento de sa\u00fade p\u00fablico ou privado. Desse total, 670 mil estiveram em hospitais p\u00fablicos, privados ou ligados \u00e0s For\u00e7as Armadas, sendo que 127 mil (18,9%) pessoas ficaram internadas.<\/span><\/p>\n<p><b>13,0 milh\u00f5es de pessoas estavam desocupadas no in\u00edcio de setembro<\/b><\/p>\n<p><span style=\"font-weight: 400;\">No mercado de trabalho, 13,0 milh\u00f5es de pessoas estavam desocupadas na primeira semana de setembro, uma estabilidade em rela\u00e7\u00e3o \u00e0 semana anterior (13,7 milh\u00f5es). A taxa de desocupa\u00e7\u00e3o ficou em 13,7%.<\/span><\/p>\n<p><span style=\"font-weight: 400;\">J\u00e1 a popula\u00e7\u00e3o ocupada ficou em 82,3 milh\u00f5es, o que representa estabilidade com pequena tend\u00eancia de aumento que vem ocorrendo desde meados de julho. \u201cEssa recupera\u00e7\u00e3o recente vem se dando especialmente entre os trabalhadores informais (28,5 milh\u00f5es), que foram os mais atingidos no in\u00edcio da pandemia\u201d, afirmou a coordenadora da pesquisa. A taxa de informalidade foi de 34,6%.<\/span><\/p>\n<p><span style=\"font-weight: 400;\">Maria Lucia tamb\u00e9m observa que o \u00fanico indicador que mostrou uma varia\u00e7\u00e3o significativa foi o da popula\u00e7\u00e3o ocupada que estava afastada, que reduziu para 5,5 milh\u00f5es na compara\u00e7\u00e3o com a semana anterior (6,1 milh\u00f5es). Em maio, in\u00edcio da pesquisa, 20,0 milh\u00f5es de pessoas estavam afastadas do trabalho.<\/span><\/p>\n<p><strong>Fonte:<\/strong> Ag\u00eancia IBGE<\/p>\n","protected":false},"excerpt":{"rendered":"<p>O n\u00famero de pessoas que n\u00e3o tomaram nenhuma medida de restri\u00e7\u00e3o para evitar o cont\u00e1gio pelo novo coronav\u00edrus subiu para 5,9 milh\u00f5es na primeira semana de setembro, chegando ao maior patamar desde que o IBGE come\u00e7ou a coletar esse dado, no in\u00edcio de julho. Na semana anterior, eram 5,0 milh\u00f5es. Do mesmo modo, continuou diminuindo [&hellip;]<\/p>\n","protected":false},"author":96,"featured_media":169802,"comment_status":"closed","ping_status":"closed","sticky":false,"template":"","format":"standard","meta":{"footnotes":""},"categories":[302,436,439],"tags":[],"class_list":["post-169801","post","type-post","status-publish","format-standard","has-post-thumbnail","hentry","category-brasil-mundo","category-destaque-da-semana","category-ultima-hora"],"_links":{"self":[{"href":"https:\/\/diarioregionaldigital.com.br\/index.php?rest_route=\/wp\/v2\/posts\/169801","targetHints":{"allow":["GET"]}}],"collection":[{"href":"https:\/\/diarioregionaldigital.com.br\/index.php?rest_route=\/wp\/v2\/posts"}],"about":[{"href":"https:\/\/diarioregionaldigital.com.br\/index.php?rest_route=\/wp\/v2\/types\/post"}],"author":[{"embeddable":true,"href":"https:\/\/diarioregionaldigital.com.br\/index.php?rest_route=\/wp\/v2\/users\/96"}],"replies":[{"embeddable":true,"href":"https:\/\/diarioregionaldigital.com.br\/index.php?rest_route=%2Fwp%2Fv2%2Fcomments&post=169801"}],"version-history":[{"count":0,"href":"https:\/\/diarioregionaldigital.com.br\/index.php?rest_route=\/wp\/v2\/posts\/169801\/revisions"}],"wp:featuredmedia":[{"embeddable":true,"href":"https:\/\/diarioregionaldigital.com.br\/index.php?rest_route=\/wp\/v2\/media\/169802"}],"wp:attachment":[{"href":"https:\/\/diarioregionaldigital.com.br\/index.php?rest_route=%2Fwp%2Fv2%2Fmedia&parent=169801"}],"wp:term":[{"taxonomy":"category","embeddable":true,"href":"https:\/\/diarioregionaldigital.com.br\/index.php?rest_route=%2Fwp%2Fv2%2Fcategories&post=169801"},{"taxonomy":"post_tag","embeddable":true,"href":"https:\/\/diarioregionaldigital.com.br\/index.php?rest_route=%2Fwp%2Fv2%2Ftags&post=169801"}],"curies":[{"name":"wp","href":"https:\/\/api.w.org\/{rel}","templated":true}]}}