{"id":169799,"date":"2020-09-28T13:36:01","date_gmt":"2020-09-28T16:36:01","guid":{"rendered":"https:\/\/diarioregionaldigital.com.br\/?p=169799"},"modified":"2020-09-28T13:36:01","modified_gmt":"2020-09-28T16:36:01","slug":"estado-acumula-290-137-casos-e-7-240-mortes-por-covid-19","status":"publish","type":"post","link":"https:\/\/diarioregionaldigital.com.br\/?p=169799","title":{"rendered":"Estado acumula 290.137 casos e 7.240 mortes por Covid-19"},"content":{"rendered":"<p>O novo\u00a0<a href=\"https:\/\/www.saude.mg.gov.br\/images\/noticias_e_eventos\/000_2020\/Boletins_Corona\/Boletim-Epidemiologico_COVID-19_28.09.2020_ATUALIZADO_1.pdf\">boletim epidemiol\u00f3gico<\/a> divulgado nesta segunda-feira (28) pela Secretaria de Estado da Sa\u00fade de Minas Gerais (SES-MG), informa que o estado acumula um total de 290.137 casos e 7.240 mortes confirmadas por Covid-19. Os dados indicam que 4.122 v\u00edtimas s\u00e3o do sexo masculino e 3.118 s\u00e3o do feminino. Al\u00e9m disso, 254.975 pacientes est\u00e3o recuperados da doen\u00e7a, representando 87,8% dos casos e 27.922 fazem acompanhamento m\u00e9dico.<\/p>\n<div class=\"g g-41\">\n<div class=\"g-dyn a-42 c-1\">\n<div class=\"g g-41\">\n<div class=\"g-dyn a-42 c-1\">Conforme o SES-MG, foram feitos 138.406 testes laboratoriais, sendo que 35.824 deram positivo, 97.988 deram negativo e 1.768 est\u00e3o sob an\u00e1lise. Quanto aos dados de hospitaliza\u00e7\u00e3o, 28.787 pacientes infectados est\u00e3o internados em hospitais e 261.350 fazem isolamento domiciliar.<\/div>\n<\/div>\n<div><\/div>\n<div class=\"the_champ_sharing_container the_champ_horizontal_sharing\"><\/div>\n<\/div>\n<\/div>\n","protected":false},"excerpt":{"rendered":"<p>O novo\u00a0boletim epidemiol\u00f3gico divulgado nesta segunda-feira (28) pela Secretaria de Estado da Sa\u00fade de Minas Gerais (SES-MG), informa que o estado acumula um total de 290.137 casos e 7.240 mortes confirmadas por Covid-19. Os dados indicam que 4.122 v\u00edtimas s\u00e3o do sexo masculino e 3.118 s\u00e3o do feminino. Al\u00e9m disso, 254.975 pacientes est\u00e3o recuperados da [&hellip;]<\/p>\n","protected":false},"author":96,"featured_media":158770,"comment_status":"closed","ping_status":"closed","sticky":false,"template":"","format":"standard","meta":{"footnotes":""},"categories":[436,440,252,439],"tags":[],"class_list":["post-169799","post","type-post","status-publish","format-standard","has-post-thumbnail","hentry","category-destaque-da-semana","category-destaques-do-dia","category-regiao","category-ultima-hora"],"_links":{"self":[{"href":"https:\/\/diarioregionaldigital.com.br\/index.php?rest_route=\/wp\/v2\/posts\/169799","targetHints":{"allow":["GET"]}}],"collection":[{"href":"https:\/\/diarioregionaldigital.com.br\/index.php?rest_route=\/wp\/v2\/posts"}],"about":[{"href":"https:\/\/diarioregionaldigital.com.br\/index.php?rest_route=\/wp\/v2\/types\/post"}],"author":[{"embeddable":true,"href":"https:\/\/diarioregionaldigital.com.br\/index.php?rest_route=\/wp\/v2\/users\/96"}],"replies":[{"embeddable":true,"href":"https:\/\/diarioregionaldigital.com.br\/index.php?rest_route=%2Fwp%2Fv2%2Fcomments&post=169799"}],"version-history":[{"count":0,"href":"https:\/\/diarioregionaldigital.com.br\/index.php?rest_route=\/wp\/v2\/posts\/169799\/revisions"}],"wp:featuredmedia":[{"embeddable":true,"href":"https:\/\/diarioregionaldigital.com.br\/index.php?rest_route=\/wp\/v2\/media\/158770"}],"wp:attachment":[{"href":"https:\/\/diarioregionaldigital.com.br\/index.php?rest_route=%2Fwp%2Fv2%2Fmedia&parent=169799"}],"wp:term":[{"taxonomy":"category","embeddable":true,"href":"https:\/\/diarioregionaldigital.com.br\/index.php?rest_route=%2Fwp%2Fv2%2Fcategories&post=169799"},{"taxonomy":"post_tag","embeddable":true,"href":"https:\/\/diarioregionaldigital.com.br\/index.php?rest_route=%2Fwp%2Fv2%2Ftags&post=169799"}],"curies":[{"name":"wp","href":"https:\/\/api.w.org\/{rel}","templated":true}]}}