{"id":169777,"date":"2020-09-27T06:00:04","date_gmt":"2020-09-27T09:00:04","guid":{"rendered":"https:\/\/diarioregionaldigital.com.br\/?p=169777"},"modified":"2020-09-26T02:22:52","modified_gmt":"2020-09-26T05:22:52","slug":"gols-fora-do-campo","status":"publish","type":"post","link":"https:\/\/diarioregionaldigital.com.br\/?p=169777","title":{"rendered":"Gols Fora do Campo"},"content":{"rendered":"<p style=\"text-align: center;\"><strong>Uni\u00e3o <\/strong><\/p>\n<p style=\"text-align: center;\">Em alian\u00e7a in\u00e9dita, 230 representantes do agroneg\u00f3cio e de ONGS enviaram carta ao governo destacando a import\u00e2ncia da preserva\u00e7\u00e3o ambiental para o pa\u00eds. O grupo, denominado Coaliz\u00e3o Brasil Clima, Florestas e Agricultura, prop\u00f5es seis medidas para conter o desmatamento.<\/p>\n<p style=\"text-align: center;\"><strong>Quadro de Avisos<\/strong><\/p>\n<p style=\"text-align: center;\">Em boa hora, o Centro de Estudos do Hospital Monte Sinai retomou as atividades com o agendamento de eventos cient\u00edficos e acad\u00eamicos, dentro dos protocolos de seguran\u00e7a.<\/p>\n<p style=\"text-align: center;\"><strong>Gente Fina<\/strong><\/p>\n<p style=\"text-align: center;\">Digna de elogios, a professora e historiadora de arte Val\u00e9ria Fasolato participou do Col\u00f3quio \u2013 Mulher (es) e Poder (es), da Universidade de Geneve. Ela apresentou o tema \u2013 Maria Pardos a pintora, e o Museu Mariano Proc\u00f3pio.<\/p>\n<p style=\"text-align: center;\"><strong>Realeza<\/strong><\/p>\n<p style=\"text-align: center;\">Chique e discretos, Dom Pedro Carlos de Orleans Bragan\u00e7a e Bourbon (bisneto da princesa Isabel) e a mulher Patr\u00edcia visitaram Museu v\u00eddeo para o projeto \u201cPrimavera dos Museus\u201d.<\/p>\n<p style=\"text-align: center;\"><span style=\"font-size: 14pt;\"><strong>Gols Fora do Campo<\/strong><\/span><\/p>\n<p style=\"text-align: center;\">Jogadores de futebol do passado e do presente consagrados e com consci\u00eancia social est\u00e3o fazendo bonito dando exemplo de solidariedades humildes e hoje transformam a vida de jovens nas periferias do mundo. No Brasil se destacam Ronaldo Fen\u00f4meno com a Funda\u00e7\u00e3o Criando Fen\u00f4menos e Neymar com o Instituto Neymar Jr. Ajudando mais de 2 mil crian\u00e7as e adolescentes atrav\u00e9s de educa\u00e7\u00e3o e pr\u00e1tica de esportes.<\/p>\n<div id=\"attachment_169762\" style=\"width: 690px\" class=\"wp-caption aligncenter\"><img loading=\"lazy\" decoding=\"async\" aria-describedby=\"caption-attachment-169762\" class=\"wp-image-169762\" src=\"https:\/\/diarioregionaldigital.com.br\/wp-content\/uploads\/2020\/09\/fotoa-15-e1601095463820.jpg\" alt=\"\" width=\"680\" height=\"503\" srcset=\"https:\/\/diarioregionaldigital.com.br\/wp-content\/uploads\/2020\/09\/fotoa-15-e1601095463820.jpg 1009w, https:\/\/diarioregionaldigital.com.br\/wp-content\/uploads\/2020\/09\/fotoa-15-e1601095463820-300x222.jpg 300w, https:\/\/diarioregionaldigital.com.br\/wp-content\/uploads\/2020\/09\/fotoa-15-e1601095463820-768x569.jpg 768w, https:\/\/diarioregionaldigital.com.br\/wp-content\/uploads\/2020\/09\/fotoa-15-e1601095463820-360x267.jpg 360w\" sizes=\"auto, (max-width: 680px) 100vw, 680px\" \/><p id=\"caption-attachment-169762\" class=\"wp-caption-text\">Em requintado dinner no Green Tower, Rio Branco, os lindos anfitri\u00f5es D\u00e9bora Gonzales e Felipe Nogueira receberam o colunista Marc\u00edlio Gomes<\/p><\/div>\n<div id=\"attachment_169764\" style=\"width: 690px\" class=\"wp-caption aligncenter\"><img loading=\"lazy\" decoding=\"async\" aria-describedby=\"caption-attachment-169764\" class=\"wp-image-169764\" src=\"https:\/\/diarioregionaldigital.com.br\/wp-content\/uploads\/2020\/09\/fotob-6-e1601095568515.jpeg\" alt=\"\" width=\"680\" height=\"522\" srcset=\"https:\/\/diarioregionaldigital.com.br\/wp-content\/uploads\/2020\/09\/fotob-6-e1601095568515.jpeg 854w, https:\/\/diarioregionaldigital.com.br\/wp-content\/uploads\/2020\/09\/fotob-6-e1601095568515-300x230.jpeg 300w, https:\/\/diarioregionaldigital.com.br\/wp-content\/uploads\/2020\/09\/fotob-6-e1601095568515-768x590.jpeg 768w, https:\/\/diarioregionaldigital.com.br\/wp-content\/uploads\/2020\/09\/fotob-6-e1601095568515-360x277.jpeg 360w\" sizes=\"auto, (max-width: 680px) 100vw, 680px\" \/><p id=\"caption-attachment-169764\" class=\"wp-caption-text\">O modelo e fot\u00f3grafo Vagner Maia fotografado por Vadir J\u00fanior (VJ-Fotografia) em destaque para esta coluna virtual on-line<\/p><\/div>\n<div id=\"attachment_169765\" style=\"width: 690px\" class=\"wp-caption aligncenter\"><img loading=\"lazy\" decoding=\"async\" aria-describedby=\"caption-attachment-169765\" class=\"wp-image-169765\" src=\"https:\/\/diarioregionaldigital.com.br\/wp-content\/uploads\/2020\/09\/fotoc-7-e1601095609632.jpg\" alt=\"\" width=\"680\" height=\"534\" srcset=\"https:\/\/diarioregionaldigital.com.br\/wp-content\/uploads\/2020\/09\/fotoc-7-e1601095609632.jpg 861w, https:\/\/diarioregionaldigital.com.br\/wp-content\/uploads\/2020\/09\/fotoc-7-e1601095609632-300x236.jpg 300w, https:\/\/diarioregionaldigital.com.br\/wp-content\/uploads\/2020\/09\/fotoc-7-e1601095609632-768x603.jpg 768w, https:\/\/diarioregionaldigital.com.br\/wp-content\/uploads\/2020\/09\/fotoc-7-e1601095609632-360x283.jpg 360w\" sizes=\"auto, (max-width: 680px) 100vw, 680px\" \/><p id=\"caption-attachment-169765\" class=\"wp-caption-text\">O domingo \u00e9 do artista pl\u00e1stico, Wesley Rocher Monteiro em foco de luz com uma de suas belas telas<\/p><\/div>\n<div id=\"attachment_169763\" style=\"width: 690px\" class=\"wp-caption aligncenter\"><img loading=\"lazy\" decoding=\"async\" aria-describedby=\"caption-attachment-169763\" class=\"wp-image-169763\" src=\"https:\/\/diarioregionaldigital.com.br\/wp-content\/uploads\/2020\/09\/fotoaa-8-e1601095506490.jpeg\" alt=\"\" width=\"680\" height=\"483\" srcset=\"https:\/\/diarioregionaldigital.com.br\/wp-content\/uploads\/2020\/09\/fotoaa-8-e1601095506490.jpeg 998w, https:\/\/diarioregionaldigital.com.br\/wp-content\/uploads\/2020\/09\/fotoaa-8-e1601095506490-300x213.jpeg 300w, https:\/\/diarioregionaldigital.com.br\/wp-content\/uploads\/2020\/09\/fotoaa-8-e1601095506490-768x546.jpeg 768w, https:\/\/diarioregionaldigital.com.br\/wp-content\/uploads\/2020\/09\/fotoaa-8-e1601095506490-360x256.jpeg 360w, https:\/\/diarioregionaldigital.com.br\/wp-content\/uploads\/2020\/09\/fotoaa-8-e1601095506490-100x70.jpeg 100w\" sizes=\"auto, (max-width: 680px) 100vw, 680px\" \/><p id=\"caption-attachment-169763\" class=\"wp-caption-text\">As queridas La\u00eds Dangela Gomes da Rocha Azevedo e sua m\u00e3e Maria Rita Gomes da Rocha enfeitam o domingo desta coluna<\/p><\/div>\n<div id=\"attachment_169766\" style=\"width: 690px\" class=\"wp-caption aligncenter\"><img loading=\"lazy\" decoding=\"async\" aria-describedby=\"caption-attachment-169766\" class=\"wp-image-169766\" src=\"https:\/\/diarioregionaldigital.com.br\/wp-content\/uploads\/2020\/09\/fotod-14-e1601095643862.jpg\" alt=\"\" width=\"680\" height=\"530\" srcset=\"https:\/\/diarioregionaldigital.com.br\/wp-content\/uploads\/2020\/09\/fotod-14-e1601095643862.jpg 828w, https:\/\/diarioregionaldigital.com.br\/wp-content\/uploads\/2020\/09\/fotod-14-e1601095643862-300x234.jpg 300w, https:\/\/diarioregionaldigital.com.br\/wp-content\/uploads\/2020\/09\/fotod-14-e1601095643862-768x598.jpg 768w, https:\/\/diarioregionaldigital.com.br\/wp-content\/uploads\/2020\/09\/fotod-14-e1601095643862-360x280.jpg 360w\" sizes=\"auto, (max-width: 680px) 100vw, 680px\" \/><p id=\"caption-attachment-169766\" class=\"wp-caption-text\">O charme e a beleza de Alexia Mendes Carvalho brilhando intensamente em JF<\/p><\/div>\n<div id=\"attachment_169767\" style=\"width: 690px\" class=\"wp-caption aligncenter\"><img loading=\"lazy\" decoding=\"async\" aria-describedby=\"caption-attachment-169767\" class=\"wp-image-169767\" src=\"https:\/\/diarioregionaldigital.com.br\/wp-content\/uploads\/2020\/09\/fotoe-17-e1601095741963.jpg\" alt=\"\" width=\"680\" height=\"495\" srcset=\"https:\/\/diarioregionaldigital.com.br\/wp-content\/uploads\/2020\/09\/fotoe-17-e1601095741963.jpg 719w, https:\/\/diarioregionaldigital.com.br\/wp-content\/uploads\/2020\/09\/fotoe-17-e1601095741963-300x218.jpg 300w, https:\/\/diarioregionaldigital.com.br\/wp-content\/uploads\/2020\/09\/fotoe-17-e1601095741963-360x262.jpg 360w\" sizes=\"auto, (max-width: 680px) 100vw, 680px\" \/><p id=\"caption-attachment-169767\" class=\"wp-caption-text\">Chique e refinada, Cristina Ribeiro Villa\u00e7a pontifica hoje nesta coluna<\/p><\/div>\n<div id=\"attachment_169768\" style=\"width: 690px\" class=\"wp-caption aligncenter\"><img loading=\"lazy\" decoding=\"async\" aria-describedby=\"caption-attachment-169768\" class=\"wp-image-169768\" src=\"https:\/\/diarioregionaldigital.com.br\/wp-content\/uploads\/2020\/09\/fotof-14-e1601095779632.jpg\" alt=\"\" width=\"680\" height=\"498\" srcset=\"https:\/\/diarioregionaldigital.com.br\/wp-content\/uploads\/2020\/09\/fotof-14-e1601095779632.jpg 803w, https:\/\/diarioregionaldigital.com.br\/wp-content\/uploads\/2020\/09\/fotof-14-e1601095779632-300x220.jpg 300w, https:\/\/diarioregionaldigital.com.br\/wp-content\/uploads\/2020\/09\/fotof-14-e1601095779632-768x562.jpg 768w, https:\/\/diarioregionaldigital.com.br\/wp-content\/uploads\/2020\/09\/fotof-14-e1601095779632-360x264.jpg 360w\" sizes=\"auto, (max-width: 680px) 100vw, 680px\" \/><p id=\"caption-attachment-169768\" class=\"wp-caption-text\">Gente especial visitando esta coluna social, Aline Vanelli e seu pai Igor Vanelli<\/p><\/div>\n<div id=\"attachment_169769\" style=\"width: 690px\" class=\"wp-caption aligncenter\"><img loading=\"lazy\" decoding=\"async\" aria-describedby=\"caption-attachment-169769\" class=\"wp-image-169769\" src=\"https:\/\/diarioregionaldigital.com.br\/wp-content\/uploads\/2020\/09\/fotog-17-e1601095816198.jpg\" alt=\"\" width=\"680\" height=\"526\" srcset=\"https:\/\/diarioregionaldigital.com.br\/wp-content\/uploads\/2020\/09\/fotog-17-e1601095816198.jpg 696w, https:\/\/diarioregionaldigital.com.br\/wp-content\/uploads\/2020\/09\/fotog-17-e1601095816198-300x232.jpg 300w, https:\/\/diarioregionaldigital.com.br\/wp-content\/uploads\/2020\/09\/fotog-17-e1601095816198-360x278.jpg 360w\" sizes=\"auto, (max-width: 680px) 100vw, 680px\" \/><p id=\"caption-attachment-169769\" class=\"wp-caption-text\">Em cena casal 20 e feliz: Gustavo Caniato e Carolina Gomes<\/p><\/div>\n<div id=\"attachment_169770\" style=\"width: 690px\" class=\"wp-caption aligncenter\"><img loading=\"lazy\" decoding=\"async\" aria-describedby=\"caption-attachment-169770\" class=\"wp-image-169770\" src=\"https:\/\/diarioregionaldigital.com.br\/wp-content\/uploads\/2020\/09\/fotoh-16-e1601095877312.jpg\" alt=\"\" width=\"680\" height=\"489\" srcset=\"https:\/\/diarioregionaldigital.com.br\/wp-content\/uploads\/2020\/09\/fotoh-16-e1601095877312.jpg 1076w, https:\/\/diarioregionaldigital.com.br\/wp-content\/uploads\/2020\/09\/fotoh-16-e1601095877312-300x216.jpg 300w, https:\/\/diarioregionaldigital.com.br\/wp-content\/uploads\/2020\/09\/fotoh-16-e1601095877312-1024x736.jpg 1024w, https:\/\/diarioregionaldigital.com.br\/wp-content\/uploads\/2020\/09\/fotoh-16-e1601095877312-768x552.jpg 768w, https:\/\/diarioregionaldigital.com.br\/wp-content\/uploads\/2020\/09\/fotoh-16-e1601095877312-360x259.jpg 360w\" sizes=\"auto, (max-width: 680px) 100vw, 680px\" \/><p id=\"caption-attachment-169770\" class=\"wp-caption-text\">No Haras Morena gente de sociedade fina de JF: Lucas Lorhan, Eduardo Gomes, N\u00edvea Chaves, Eduardo Delmonte e Alexandre Oliveira<\/p><\/div>\n<p style=\"text-align: center;\"><strong>FOTOSS\u00cdNTESE<\/strong><\/p>\n<p>Hoje \u201cDia de S\u00e3o Cosme e Dami\u00e3o\u201d, como \u00e9 tradi\u00e7\u00e3o este colunista distribui finos saquinhos de doces para homenagear os santos e meu pai que leva o nome das divindades. S\u00f3 para gente do bem.<\/p>\n<p>Abra\u00e7os carinhosos para: Guilherme Ventura, Luis Carlos Dilly, Rose Rossini, Cec\u00edlia Faza, Tha\u00eds Souza Gomes, Erika Salazar, Fabinho Esteves, Maria do Carmo Saleme, Patr\u00edcia Maia, Lu Horta, No\u00eamia Nardy e Thiago Miranda.<\/p>\n<p>L\u00facida e elegante, dona Carolina de Assis Repetto festejou no Florestinha 100 anos de idade. Ela recebeu os cumprimentos de forma virtual atrav\u00e9s da plataforma Zoom.<\/p>\n<p>Aten\u00e7\u00e3o atletas: a famosa Corrida Solid\u00e1ria da Ascomcer do Outubro Rosa vai acontecer em sua 8\u00aa edi\u00e7\u00e3o de forma virtual. Comunicando a presidente Alessandra Sampaio.<\/p>\n<p>Para a despesa ficar mais leve, a Assunta agora concede 50% off no chope consumido no almo\u00e7o.<br \/>\nOs talentosos m\u00fasicos Gabriel e Amanda da dupla Arcanjos lan\u00e7a \u201cMe Salva\u201d, segundo single que antecipa novo EP. Aplausos.<\/p>\n<p>O querido Ab\u00edlio Moreira, do Bar do Ab\u00edlio, completou 75 anos e recebeu homenagem dos \u201cBebedores oficiais do Ab\u00edlio\u201d, que surgiu nas mesas do bar.<\/p>\n<p>S\u00e2mra Rhame mostra poder e compet\u00eancia comandando a Casa Chic na parte baixa da Rua Marechal Deodoro.<\/p>\n<p>Domingando: sempre nos sentimos pressionados pela ansiedade do que vir\u00e1 e pela ang\u00fastia do que perdemos, mas com o confinamento pudemos aproveitar melhor o presente. Bom dia.<\/p>\n<p><img loading=\"lazy\" decoding=\"async\" class=\"aligncenter size-full wp-image-169781\" src=\"https:\/\/diarioregionaldigital.com.br\/wp-content\/uploads\/2020\/09\/anuncio63-scaled.jpg\" alt=\"\" width=\"2560\" height=\"945\" srcset=\"https:\/\/diarioregionaldigital.com.br\/wp-content\/uploads\/2020\/09\/anuncio63-scaled.jpg 2560w, https:\/\/diarioregionaldigital.com.br\/wp-content\/uploads\/2020\/09\/anuncio63-300x111.jpg 300w, https:\/\/diarioregionaldigital.com.br\/wp-content\/uploads\/2020\/09\/anuncio63-1024x378.jpg 1024w, https:\/\/diarioregionaldigital.com.br\/wp-content\/uploads\/2020\/09\/anuncio63-768x284.jpg 768w, https:\/\/diarioregionaldigital.com.br\/wp-content\/uploads\/2020\/09\/anuncio63-1536x567.jpg 1536w, https:\/\/diarioregionaldigital.com.br\/wp-content\/uploads\/2020\/09\/anuncio63-2048x756.jpg 2048w, https:\/\/diarioregionaldigital.com.br\/wp-content\/uploads\/2020\/09\/anuncio63-360x133.jpg 360w\" sizes=\"auto, (max-width: 2560px) 100vw, 2560px\" \/><\/p>\n","protected":false},"excerpt":{"rendered":"<p>Uni\u00e3o Em alian\u00e7a in\u00e9dita, 230 representantes do agroneg\u00f3cio e de ONGS enviaram carta ao governo destacando a import\u00e2ncia da preserva\u00e7\u00e3o ambiental para o pa\u00eds. O grupo, denominado Coaliz\u00e3o Brasil Clima, Florestas e Agricultura, prop\u00f5es seis medidas para conter o desmatamento. Quadro de Avisos Em boa hora, o Centro de Estudos do Hospital Monte Sinai retomou [&hellip;]<\/p>\n","protected":false},"author":96,"featured_media":169762,"comment_status":"closed","ping_status":"closed","sticky":false,"template":"","format":"standard","meta":{"footnotes":""},"categories":[264],"tags":[],"class_list":["post-169777","post","type-post","status-publish","format-standard","has-post-thumbnail","hentry","category-eduardo-gomes"],"_links":{"self":[{"href":"https:\/\/diarioregionaldigital.com.br\/index.php?rest_route=\/wp\/v2\/posts\/169777","targetHints":{"allow":["GET"]}}],"collection":[{"href":"https:\/\/diarioregionaldigital.com.br\/index.php?rest_route=\/wp\/v2\/posts"}],"about":[{"href":"https:\/\/diarioregionaldigital.com.br\/index.php?rest_route=\/wp\/v2\/types\/post"}],"author":[{"embeddable":true,"href":"https:\/\/diarioregionaldigital.com.br\/index.php?rest_route=\/wp\/v2\/users\/96"}],"replies":[{"embeddable":true,"href":"https:\/\/diarioregionaldigital.com.br\/index.php?rest_route=%2Fwp%2Fv2%2Fcomments&post=169777"}],"version-history":[{"count":0,"href":"https:\/\/diarioregionaldigital.com.br\/index.php?rest_route=\/wp\/v2\/posts\/169777\/revisions"}],"wp:featuredmedia":[{"embeddable":true,"href":"https:\/\/diarioregionaldigital.com.br\/index.php?rest_route=\/wp\/v2\/media\/169762"}],"wp:attachment":[{"href":"https:\/\/diarioregionaldigital.com.br\/index.php?rest_route=%2Fwp%2Fv2%2Fmedia&parent=169777"}],"wp:term":[{"taxonomy":"category","embeddable":true,"href":"https:\/\/diarioregionaldigital.com.br\/index.php?rest_route=%2Fwp%2Fv2%2Fcategories&post=169777"},{"taxonomy":"post_tag","embeddable":true,"href":"https:\/\/diarioregionaldigital.com.br\/index.php?rest_route=%2Fwp%2Fv2%2Ftags&post=169777"}],"curies":[{"name":"wp","href":"https:\/\/api.w.org\/{rel}","templated":true}]}}