{"id":169774,"date":"2020-09-25T19:53:37","date_gmt":"2020-09-25T22:53:37","guid":{"rendered":"https:\/\/diarioregionaldigital.com.br\/?p=169774"},"modified":"2020-09-25T19:53:37","modified_gmt":"2020-09-25T22:53:37","slug":"covid-19-brasil-tem-140-mil-mortes-e-468-milhoes-de-casos-acumulados","status":"publish","type":"post","link":"https:\/\/diarioregionaldigital.com.br\/?p=169774","title":{"rendered":"Covid-19: Brasil tem 140 mil mortes e 4,68 milh\u00f5es de casos acumulados"},"content":{"rendered":"<p>O n\u00famero de pessoas que se infectaram com o novo coronav\u00edrus desde o in\u00edcio da pandemia subiu para 4.689.613\u00a0. Nas \u00faltimas 24 horas, foram registrados 31.911 novos diagn\u00f3sticos positivos para covid-19. At\u00e9\u00a0ontem, a soma estava em 4.657.702.<img decoding=\"async\" src=\"https:\/\/agenciabrasil.ebc.com.br\/ebc.png?id=1389004&amp;o=node\" \/><img decoding=\"async\" src=\"https:\/\/agenciabrasil.ebc.com.br\/ebc.gif?id=1389004&amp;o=node\" \/><\/p>\n<p>Os dados foram divulgados pelo Minist\u00e9rio da Sa\u00fade no in\u00edcio da noite desta\u00a0sexta-feira (25), na atualiza\u00e7\u00e3o di\u00e1ria publicada pela pasta.<\/p>\n<p>Ainda conforme o boletim, o n\u00famero acumulado de mortes em raz\u00e3o da pandemia chegou a 140. 537. Entre\u00a0ontem\u00a0(24) e\u00a0hoje\u00a0(25), os novos \u00f3bitos registrados pelas secretarias estaduais de sa\u00fade totalizaram 729, mantendo a m\u00e9dia abaixo dos 1.000 di\u00e1rios das \u00faltimas semanas.\u00a0Ontem\u00a0o sistema do Minist\u00e9rio da Sa\u00fade\u00a0contabilizava 139.808 \u00f3bitos\u00a0desde o in\u00edcio da pandemia.<\/p>\n<p>As autoridades de sa\u00fade ainda investigam se 2.430\u00a0falecimentos ocorreram em decorr\u00eancia da covid-19.<\/p>\n<p>Ainda de acordo com a atualiza\u00e7\u00e3o, 508.127 pacientes est\u00e3o em acompanhamento. O n\u00famero de recuperados da covid-19 chega a\u00a04.040.949. Isso representa 86,2% do total de infectados pelo novo coronav\u00edrus.<\/p>\n<p><strong>Covid-19 nos estados<\/strong><\/p>\n<p>Os estados com mais morte s\u00e3o S\u00e3o Paulo (34.877), Rio\u00a0de Janeiro\u00a0(18.166), Cear\u00e1 (8.891), Pernambuco (8.129) e Minas Gerais (7.056). As Unidades da Federa\u00e7\u00e3o com menos \u00f3bitos s\u00e3o Roraima (637), Acre (654), Amap\u00e1 (699), Tocantins (910) e Mato Grosso do Sul (1.234).<\/p>\n<p><strong>Fonte:<\/strong> Ag\u00eancia Brasil<\/p>\n","protected":false},"excerpt":{"rendered":"<p>O n\u00famero de pessoas que se infectaram com o novo coronav\u00edrus desde o in\u00edcio da pandemia subiu para 4.689.613\u00a0. Nas \u00faltimas 24 horas, foram registrados 31.911 novos diagn\u00f3sticos positivos para covid-19. At\u00e9\u00a0ontem, a soma estava em 4.657.702. Os dados foram divulgados pelo Minist\u00e9rio da Sa\u00fade no in\u00edcio da noite desta\u00a0sexta-feira (25), na atualiza\u00e7\u00e3o di\u00e1ria publicada [&hellip;]<\/p>\n","protected":false},"author":96,"featured_media":169775,"comment_status":"closed","ping_status":"closed","sticky":false,"template":"","format":"standard","meta":{"footnotes":""},"categories":[302,436,440,439],"tags":[],"class_list":["post-169774","post","type-post","status-publish","format-standard","has-post-thumbnail","hentry","category-brasil-mundo","category-destaque-da-semana","category-destaques-do-dia","category-ultima-hora"],"_links":{"self":[{"href":"https:\/\/diarioregionaldigital.com.br\/index.php?rest_route=\/wp\/v2\/posts\/169774","targetHints":{"allow":["GET"]}}],"collection":[{"href":"https:\/\/diarioregionaldigital.com.br\/index.php?rest_route=\/wp\/v2\/posts"}],"about":[{"href":"https:\/\/diarioregionaldigital.com.br\/index.php?rest_route=\/wp\/v2\/types\/post"}],"author":[{"embeddable":true,"href":"https:\/\/diarioregionaldigital.com.br\/index.php?rest_route=\/wp\/v2\/users\/96"}],"replies":[{"embeddable":true,"href":"https:\/\/diarioregionaldigital.com.br\/index.php?rest_route=%2Fwp%2Fv2%2Fcomments&post=169774"}],"version-history":[{"count":0,"href":"https:\/\/diarioregionaldigital.com.br\/index.php?rest_route=\/wp\/v2\/posts\/169774\/revisions"}],"wp:featuredmedia":[{"embeddable":true,"href":"https:\/\/diarioregionaldigital.com.br\/index.php?rest_route=\/wp\/v2\/media\/169775"}],"wp:attachment":[{"href":"https:\/\/diarioregionaldigital.com.br\/index.php?rest_route=%2Fwp%2Fv2%2Fmedia&parent=169774"}],"wp:term":[{"taxonomy":"category","embeddable":true,"href":"https:\/\/diarioregionaldigital.com.br\/index.php?rest_route=%2Fwp%2Fv2%2Fcategories&post=169774"},{"taxonomy":"post_tag","embeddable":true,"href":"https:\/\/diarioregionaldigital.com.br\/index.php?rest_route=%2Fwp%2Fv2%2Ftags&post=169774"}],"curies":[{"name":"wp","href":"https:\/\/api.w.org\/{rel}","templated":true}]}}