{"id":169759,"date":"2020-09-25T18:25:15","date_gmt":"2020-09-25T21:25:15","guid":{"rendered":"https:\/\/diarioregionaldigital.com.br\/?p=169759"},"modified":"2020-09-25T18:25:15","modified_gmt":"2020-09-25T21:25:15","slug":"prefeitura-confirma-111-novos-casos-por-covid-19","status":"publish","type":"post","link":"https:\/\/diarioregionaldigital.com.br\/?p=169759","title":{"rendered":"Prefeitura confirma 111 novos casos por Covid-19"},"content":{"rendered":"<p>O novo boletim epidemiol\u00f3gico divulgado nesta sexta-feira (25) pela Secretaria de Sa\u00fade (SS) da Prefeitura de Juiz de Fora (PJF), confirma que o munic\u00edpio registrou nas \u00faltimas 24h, 111 novos casos por Covid-19, acumulando 5.927 pessoas infectadas. De acordo com o levantamento, houve aumento de mais tr\u00eas mortes, totalizando 205 \u00f3bitos e 21.364 s\u00e3o suspeitos de terem a doen\u00e7a.<\/p>\n<p><b>\u00d3bitos:<\/b><br \/>\nIdoso, de 69 anos, morreu no dia 18 de setembro. Comorbidades: Doen\u00e7a Neurol\u00f3gica Cr\u00f4nica (DNC), Doen\u00e7a Renal Cr\u00f4nica (DRC) e pneumopatia cr\u00f4nica;<\/p>\n<p>Idosa, de 88 anos, morreu nessa quinta-feira, 24. Comorbidade: Doen\u00e7a Cardiovascular Cr\u00f4nica (DCC);<\/p>\n<p>Idoso, de 73 anos, morreu nessa quinta-feira, 24. Comorbidade: Doen\u00e7a Cardiovascular Cr\u00f4nica (DCC).<\/p>\n<p><strong>Testes da UFJF<\/strong><\/p>\n<p>Na semana entre os dias 17 e 24 deste m\u00eas, a Universidade Federal de Juiz de Fora (UFJF), entregou 332 exames de Coronav\u00edrus para a Prefeitura. Ao todo, a institui\u00e7\u00e3o liberou 6.090 testes, sendo que 1.734 deram positivo para a doen\u00e7a. As amostras s\u00e3o recolhidas pelos laborat\u00f3rios do Instituto de Ci\u00eancias Biol\u00f3gicas e da Faculdade de Farm\u00e1cia, sem custos para os pacientes. Os resultados s\u00e3o encaminhados ao Departamento de Vigil\u00e2ncia Epidemiol\u00f3gica e Ambiental (Dvea) da Secretaria de Sa\u00fade (SS).<\/p>\n<p><b>Leitos\u00a0<\/b><\/p>\n<p>Segundo informa\u00e7\u00f5es da PJF, os leitos de enfermaria est\u00e3o com 61,19% de ocupa\u00e7\u00e3o. J\u00e1 os os leitos de UTI e SUS, est\u00e3o com taxa de 76,92% e 82,66% respectivamente.<\/p>\n<p><b>Isolamento social<\/b><\/p>\n<p>At\u00e9 ent\u00e3o, o munic\u00edpio apresenta taxa de isolamento social em 49,23%, cuja m\u00e9dia \u00e9 dos \u00faltimos sete dias. O valor est\u00e1 acima da taxa registrada em Minas Gerais, que \u00e9 de 48,51%.<\/p>\n<p><b>Casos e mortes confirmadas<\/b><\/p>\n<p>Na compara\u00e7\u00e3o com outras cidades do estado, Juiz de Fora agora \u00e9 o s\u00e9timo munic\u00edpio com maior n\u00famero de casos confirmados. Segundo dados da Secretaria de Estado da Sa\u00fade de Minas Gerais (SES-MG), na primeira posi\u00e7\u00e3o aparece Belo Horizonte com 41.091, Uberl\u00e2ndia em segundo com 25.586, Contagem em terceiro com 8.717, Ipatinga em quarto com 8.496, Montes Claros em quinto com 7.986 e Governador Valadares em sexto com 7.146, estes s\u00e3o os munic\u00edpios que apresentam mais casos confirmados em compara\u00e7\u00e3o com Juiz de Fora.<\/p>\n<p>J\u00e1 na quest\u00e3o das mortes confirmadas, o munic\u00edpio permanece na quinta posi\u00e7\u00e3o nesse quesito. Belo Horizonte lidera com 1.199 \u00f3bitos, Uberl\u00e2ndia \u00e9 o segundo com 538, Contagem em terceiro com 361 e Governador Valadares em quarto com 245.<\/p>\n","protected":false},"excerpt":{"rendered":"<p>O novo boletim epidemiol\u00f3gico divulgado nesta sexta-feira (25) pela Secretaria de Sa\u00fade (SS) da Prefeitura de Juiz de Fora (PJF), confirma que o munic\u00edpio registrou nas \u00faltimas 24h, 111 novos casos por Covid-19, acumulando 5.927 pessoas infectadas. De acordo com o levantamento, houve aumento de mais tr\u00eas mortes, totalizando 205 \u00f3bitos e 21.364 s\u00e3o suspeitos [&hellip;]<\/p>\n","protected":false},"author":96,"featured_media":165812,"comment_status":"closed","ping_status":"closed","sticky":false,"template":"","format":"standard","meta":{"footnotes":""},"categories":[253,436,440,439],"tags":[],"class_list":["post-169759","post","type-post","status-publish","format-standard","has-post-thumbnail","hentry","category-cidade","category-destaque-da-semana","category-destaques-do-dia","category-ultima-hora"],"_links":{"self":[{"href":"https:\/\/diarioregionaldigital.com.br\/index.php?rest_route=\/wp\/v2\/posts\/169759","targetHints":{"allow":["GET"]}}],"collection":[{"href":"https:\/\/diarioregionaldigital.com.br\/index.php?rest_route=\/wp\/v2\/posts"}],"about":[{"href":"https:\/\/diarioregionaldigital.com.br\/index.php?rest_route=\/wp\/v2\/types\/post"}],"author":[{"embeddable":true,"href":"https:\/\/diarioregionaldigital.com.br\/index.php?rest_route=\/wp\/v2\/users\/96"}],"replies":[{"embeddable":true,"href":"https:\/\/diarioregionaldigital.com.br\/index.php?rest_route=%2Fwp%2Fv2%2Fcomments&post=169759"}],"version-history":[{"count":0,"href":"https:\/\/diarioregionaldigital.com.br\/index.php?rest_route=\/wp\/v2\/posts\/169759\/revisions"}],"wp:featuredmedia":[{"embeddable":true,"href":"https:\/\/diarioregionaldigital.com.br\/index.php?rest_route=\/wp\/v2\/media\/165812"}],"wp:attachment":[{"href":"https:\/\/diarioregionaldigital.com.br\/index.php?rest_route=%2Fwp%2Fv2%2Fmedia&parent=169759"}],"wp:term":[{"taxonomy":"category","embeddable":true,"href":"https:\/\/diarioregionaldigital.com.br\/index.php?rest_route=%2Fwp%2Fv2%2Fcategories&post=169759"},{"taxonomy":"post_tag","embeddable":true,"href":"https:\/\/diarioregionaldigital.com.br\/index.php?rest_route=%2Fwp%2Fv2%2Ftags&post=169759"}],"curies":[{"name":"wp","href":"https:\/\/api.w.org\/{rel}","templated":true}]}}