{"id":169757,"date":"2020-09-25T18:09:21","date_gmt":"2020-09-25T21:09:21","guid":{"rendered":"https:\/\/diarioregionaldigital.com.br\/?p=169757"},"modified":"2020-09-25T18:09:21","modified_gmt":"2020-09-25T21:09:21","slug":"saude-reforca-cuidados-preventivos-durante-campanhas-de-vacinacao","status":"publish","type":"post","link":"https:\/\/diarioregionaldigital.com.br\/?p=169757","title":{"rendered":"Sa\u00fade refor\u00e7a cuidados preventivos durante campanhas de vacina\u00e7\u00e3o"},"content":{"rendered":"<p><main class=\"clear margin-md-bottom-3\"><\/p>\n<div class=\"clear \">\n<p>Em coletiva virtual nesta sexta-feira (25\/9), o secret\u00e1rio adjunto de Sa\u00fade de Minas Gerais, Marcelo Cabral, falou sobre a realiza\u00e7\u00e3o de campanhas de vacina\u00e7\u00e3o durante a pandemia. \u201cA\u00a0<a href=\"https:\/\/www.saude.mg.gov.br\/\" target=\"_blank\" rel=\"noopener noreferrer\">Secretaria de Estado de Sa\u00fade (SES-MG)<\/a>\u00a0recomenda cuidados \u00e0s pessoas que v\u00e3o at\u00e9 as unidades b\u00e1sicas de Sa\u00fade. \u00c9 muito importante que a popula\u00e7\u00e3o esteja atenta \u00e0s medidas de preven\u00e7\u00e3o \u00e0 covid-19\u00a0&#8211;\u00a0como manter dois metros de dist\u00e2ncia nas filas, entre uma pessoa e outra. A imuniza\u00e7\u00e3o continua sendo a maneira mais eficaz e segura de prevenir diversas doen\u00e7as\u201d, explicou.<\/p>\n<p>O secret\u00e1rio adjunto destacou que o Minist\u00e9rio da Sa\u00fade alerta para a ado\u00e7\u00e3o constante da etiqueta respirat\u00f3ria, que inclui cobrir a boca com a face interna do cotovelo ou com aux\u00edlio de len\u00e7o descart\u00e1vel ao espirrar, lavar as m\u00e3os com frequ\u00eancia, n\u00e3o tocar o rosto e manter o uso de m\u00e1scara quando sair \u00e0 rua. Tamb\u00e9m \u00e9 recomendado n\u00e3o manter contato pr\u00f3ximo por meio de aperto de m\u00e3o, beijo e abra\u00e7o, principalmente enquanto a pessoa estiver aguardando para receber a vacina.<\/p>\n<p><strong>Cart\u00e3o de vacina\u00e7\u00e3o<\/strong><\/p>\n<p>Ao longo da coletiva,\u00a0Cabral\u00a0tamb\u00e9m refor\u00e7ou a import\u00e2ncia de levar o cart\u00e3o de vacina\u00e7\u00e3o para auxiliar no controle e acompanhamento das doses j\u00e1 recebidas. N\u00e3o s\u00f3 crian\u00e7as, mas tamb\u00e9m adolescentes, adultos e idosos devem manter suas vacinas em dia.<\/p>\n<p>Caso o usu\u00e1rio n\u00e3o esteja com o cart\u00e3o, por perda ou dano, a orienta\u00e7\u00e3o \u00e9 que procure o servi\u00e7o de Sa\u00fade onde costuma se vacinar. A partir do chamado cart\u00e3o espelho, onde ficam arquivados os registros de doses j\u00e1 aplicadas, os profissionais podem avaliar a situa\u00e7\u00e3o vacinal do usu\u00e1rio. A aus\u00eancia do cart\u00e3o n\u00e3o impede ningu\u00e9m de ser vacinado.<\/p>\n<p><strong>Vacina Mais<\/strong><\/p>\n<p>As baixas coberturas vacinais t\u00eam graves consequ\u00eancias quando o assunto \u00e9 Sa\u00fade P\u00fablica: em 2017, 2018 e 2019, Minas Gerais enfrentou epidemia de febre amarela e surto de sarampo por ter parte da popula\u00e7\u00e3o desprotegida. Para garantir a imuniza\u00e7\u00e3o e alertar sobre os riscos a que todos ficam expostos quando a vacina\u00e7\u00e3o \u00e9 ignorada, a SES-MG lan\u00e7ou a campanha Vacina Mais Minas Gerais.<\/p>\n<p>\u201cA inten\u00e7\u00e3o \u00e9 informar e chamar a aten\u00e7\u00e3o dos mineiros sobre a necessidade de amplia\u00e7\u00e3o da cobertura vacinal para toda popula\u00e7\u00e3o. Gra\u00e7as \u00e0 vacina\u00e7\u00e3o em massa, doen\u00e7as como poliomielite, rub\u00e9ola, t\u00e9tano e coqueluche deixaram de ser um problema de Sa\u00fade P\u00fablica no Brasil\u201d, destacou\u00a0o secret\u00e1rio adjunto.<\/p>\n<p><strong>Fonte:\u00a0<\/strong>Ag\u00eancia Minas<\/p>\n<\/div>\n<p><\/main><\/p>\n","protected":false},"excerpt":{"rendered":"<p>Em coletiva virtual nesta sexta-feira (25\/9), o secret\u00e1rio adjunto de Sa\u00fade de Minas Gerais, Marcelo Cabral, falou sobre a realiza\u00e7\u00e3o de campanhas de vacina\u00e7\u00e3o durante a pandemia. \u201cA\u00a0Secretaria de Estado de Sa\u00fade (SES-MG)\u00a0recomenda cuidados \u00e0s pessoas que v\u00e3o at\u00e9 as unidades b\u00e1sicas de Sa\u00fade. \u00c9 muito importante que a popula\u00e7\u00e3o esteja atenta \u00e0s medidas de [&hellip;]<\/p>\n","protected":false},"author":96,"featured_media":167250,"comment_status":"closed","ping_status":"closed","sticky":false,"template":"","format":"standard","meta":{"footnotes":""},"categories":[436,254,439],"tags":[],"class_list":["post-169757","post","type-post","status-publish","format-standard","has-post-thumbnail","hentry","category-destaque-da-semana","category-politica","category-ultima-hora"],"_links":{"self":[{"href":"https:\/\/diarioregionaldigital.com.br\/index.php?rest_route=\/wp\/v2\/posts\/169757","targetHints":{"allow":["GET"]}}],"collection":[{"href":"https:\/\/diarioregionaldigital.com.br\/index.php?rest_route=\/wp\/v2\/posts"}],"about":[{"href":"https:\/\/diarioregionaldigital.com.br\/index.php?rest_route=\/wp\/v2\/types\/post"}],"author":[{"embeddable":true,"href":"https:\/\/diarioregionaldigital.com.br\/index.php?rest_route=\/wp\/v2\/users\/96"}],"replies":[{"embeddable":true,"href":"https:\/\/diarioregionaldigital.com.br\/index.php?rest_route=%2Fwp%2Fv2%2Fcomments&post=169757"}],"version-history":[{"count":0,"href":"https:\/\/diarioregionaldigital.com.br\/index.php?rest_route=\/wp\/v2\/posts\/169757\/revisions"}],"wp:featuredmedia":[{"embeddable":true,"href":"https:\/\/diarioregionaldigital.com.br\/index.php?rest_route=\/wp\/v2\/media\/167250"}],"wp:attachment":[{"href":"https:\/\/diarioregionaldigital.com.br\/index.php?rest_route=%2Fwp%2Fv2%2Fmedia&parent=169757"}],"wp:term":[{"taxonomy":"category","embeddable":true,"href":"https:\/\/diarioregionaldigital.com.br\/index.php?rest_route=%2Fwp%2Fv2%2Fcategories&post=169757"},{"taxonomy":"post_tag","embeddable":true,"href":"https:\/\/diarioregionaldigital.com.br\/index.php?rest_route=%2Fwp%2Fv2%2Ftags&post=169757"}],"curies":[{"name":"wp","href":"https:\/\/api.w.org\/{rel}","templated":true}]}}