{"id":169754,"date":"2020-09-25T18:07:58","date_gmt":"2020-09-25T21:07:58","guid":{"rendered":"https:\/\/diarioregionaldigital.com.br\/?p=169754"},"modified":"2020-09-25T18:07:58","modified_gmt":"2020-09-25T21:07:58","slug":"empav-realiza-manutencoes-no-parque-halfeld-canteiros-e-pracas","status":"publish","type":"post","link":"https:\/\/diarioregionaldigital.com.br\/?p=169754","title":{"rendered":"Empav realiza manuten\u00e7\u00f5es no Parque Halfeld, canteiros e pra\u00e7as"},"content":{"rendered":"<p>A Empresa Municipal de Pavimenta\u00e7\u00e3o e Urbaniza\u00e7\u00e3o (Empav), atrav\u00e9s do setor de Parques e Jardins, est\u00e1 fazendo manuten\u00e7\u00f5es no Parque Halfeld, com aduba\u00e7\u00e3o dos canteiros, plantio de mudas, poda de \u00e1rvores, retirada de erva de passarinho e limpeza do lago. Al\u00e9m disso, foi iniciada coloca\u00e7\u00e3o de cerca de tela, para isolar as mesas de jogo de dama, que n\u00e3o poder\u00e3o ser utilizadas quando o parque for reaberto. O objetivo \u00e9 evitar a propaga\u00e7\u00e3o da covid-19, j\u00e1 que os equipamentos s\u00e3o utilizados, sobretudo, por idosos. Foi feita, ainda, a pintura da parte externa dos banheiros, retirando as picha\u00e7\u00f5es, e manuten\u00e7\u00e3o corretiva do port\u00e3o da \u00e1rea masculina. A Secretaria de Obras (SO) trabalha em conjunto com a Empav, fazendo a recomposi\u00e7\u00e3o de cal\u00e7amento com pedras portuguesas.<\/p>\n<p>Durante a semana, funcion\u00e1rios conclu\u00edram poda de grama e limpeza das pra\u00e7as dos bairros Nova Era, Santa Luzia, S\u00e3o Judas Tadeu e Santa Cruz. Foi finalizada, tamb\u00e9m, poda de grama nos canteiros centrais da Avenida Prefeito Melo Reis, no Aeroporto, a limpeza da Pra\u00e7a Jarbas de Lery Santos, no S\u00e3o Mateus e a troca de bancos e reforma do passeio em torno da Pra\u00e7a de Monte Verde. Em Filgueiras, foi iniciada a poda de grama dos canteiros centrais.<\/p>\n<p><strong>Fonte:\u00a0<\/strong>Assessoria<\/p>\n","protected":false},"excerpt":{"rendered":"<p>A Empresa Municipal de Pavimenta\u00e7\u00e3o e Urbaniza\u00e7\u00e3o (Empav), atrav\u00e9s do setor de Parques e Jardins, est\u00e1 fazendo manuten\u00e7\u00f5es no Parque Halfeld, com aduba\u00e7\u00e3o dos canteiros, plantio de mudas, poda de \u00e1rvores, retirada de erva de passarinho e limpeza do lago. Al\u00e9m disso, foi iniciada coloca\u00e7\u00e3o de cerca de tela, para isolar as mesas de jogo [&hellip;]<\/p>\n","protected":false},"author":96,"featured_media":169755,"comment_status":"closed","ping_status":"closed","sticky":false,"template":"","format":"standard","meta":{"footnotes":""},"categories":[253,436,439],"tags":[],"class_list":["post-169754","post","type-post","status-publish","format-standard","has-post-thumbnail","hentry","category-cidade","category-destaque-da-semana","category-ultima-hora"],"_links":{"self":[{"href":"https:\/\/diarioregionaldigital.com.br\/index.php?rest_route=\/wp\/v2\/posts\/169754","targetHints":{"allow":["GET"]}}],"collection":[{"href":"https:\/\/diarioregionaldigital.com.br\/index.php?rest_route=\/wp\/v2\/posts"}],"about":[{"href":"https:\/\/diarioregionaldigital.com.br\/index.php?rest_route=\/wp\/v2\/types\/post"}],"author":[{"embeddable":true,"href":"https:\/\/diarioregionaldigital.com.br\/index.php?rest_route=\/wp\/v2\/users\/96"}],"replies":[{"embeddable":true,"href":"https:\/\/diarioregionaldigital.com.br\/index.php?rest_route=%2Fwp%2Fv2%2Fcomments&post=169754"}],"version-history":[{"count":0,"href":"https:\/\/diarioregionaldigital.com.br\/index.php?rest_route=\/wp\/v2\/posts\/169754\/revisions"}],"wp:featuredmedia":[{"embeddable":true,"href":"https:\/\/diarioregionaldigital.com.br\/index.php?rest_route=\/wp\/v2\/media\/169755"}],"wp:attachment":[{"href":"https:\/\/diarioregionaldigital.com.br\/index.php?rest_route=%2Fwp%2Fv2%2Fmedia&parent=169754"}],"wp:term":[{"taxonomy":"category","embeddable":true,"href":"https:\/\/diarioregionaldigital.com.br\/index.php?rest_route=%2Fwp%2Fv2%2Fcategories&post=169754"},{"taxonomy":"post_tag","embeddable":true,"href":"https:\/\/diarioregionaldigital.com.br\/index.php?rest_route=%2Fwp%2Fv2%2Ftags&post=169754"}],"curies":[{"name":"wp","href":"https:\/\/api.w.org\/{rel}","templated":true}]}}