{"id":169752,"date":"2020-09-25T18:06:29","date_gmt":"2020-09-25T21:06:29","guid":{"rendered":"https:\/\/diarioregionaldigital.com.br\/?p=169752"},"modified":"2020-09-25T18:06:29","modified_gmt":"2020-09-25T21:06:29","slug":"sao-paulo-anuncia-ampliacao-de-testes-da-fase-3-da-vacina-coronavac","status":"publish","type":"post","link":"https:\/\/diarioregionaldigital.com.br\/?p=169752","title":{"rendered":"S\u00e3o Paulo anuncia amplia\u00e7\u00e3o de testes da Fase 3 da vacina CoronaVac"},"content":{"rendered":"<p><span style=\"font-weight: 400;\">O Hospital Universit\u00e1rio da Universidade Federal de Juiz de Fora (HU-UFJF\/EBSERH) lan\u00e7ou edital para a abertura de inscri\u00e7\u00f5es para os Programas de Resid\u00eancia M\u00e9dica. No total, s\u00e3o 62 vagas oferecidas em 24 especialidades.<\/span><\/p>\n<p><span style=\"font-weight: 400;\">Para participar o candidato precisa ter gradua\u00e7\u00e3o em medicina conclu\u00edda at\u00e9 final de fevereiro de 2021. Algumas especialidades n\u00e3o possuem entrada direta e, portanto, outros pr\u00e9-requisitos s\u00e3o exigidos.<\/span><\/p>\n<p><span style=\"font-weight: 400;\">Os interessados podem se inscrever entre os dias 6 e 20 de outubro pelo site www.aremg.org.br. O valor da inscri\u00e7\u00e3o \u00e9 R$ 180 reais. O edital prev\u00ea prazo para solicita\u00e7\u00e3o de isen\u00e7\u00e3o de da taxa entre os dias 28 e 30 de setembro.<\/span><\/p>\n<p><span style=\"font-weight: 400;\">A sele\u00e7\u00e3o \u00e9 realizada em duas etapas, sendo uma prova de conhecimentos m\u00e9dicos (90 pontos) e outra de an\u00e1lise curricular (10 pontos). A data prevista para a realiza\u00e7\u00e3o da prova escrita, segundo o edital, \u00e9 6 de dezembro. J\u00e1 o in\u00edcio das aulas acontece em mar\u00e7o de 2021.<\/span><\/p>\n<p><span style=\"font-weight: 400;\">O Processo Seletivo Unificado de Resid\u00eancia M\u00e9dica do HU-UFJF\/EBSERH \u00e9 realizado pela Associa\u00e7\u00e3o de Apoio \u00e0 Resid\u00eancia M\u00e9dica de Minas Gerais (AREMG). Todos os programas s\u00e3o credenciados pela Comiss\u00e3o Nacional de Resid\u00eancia M\u00e9dica \u2013 CNRM\/MEC.<\/span><\/p>\n<p><strong>Fonte:\u00a0<\/strong>Ag\u00eancia Brasil<\/p>\n","protected":false},"excerpt":{"rendered":"<p>O Hospital Universit\u00e1rio da Universidade Federal de Juiz de Fora (HU-UFJF\/EBSERH) lan\u00e7ou edital para a abertura de inscri\u00e7\u00f5es para os Programas de Resid\u00eancia M\u00e9dica. No total, s\u00e3o 62 vagas oferecidas em 24 especialidades. Para participar o candidato precisa ter gradua\u00e7\u00e3o em medicina conclu\u00edda at\u00e9 final de fevereiro de 2021. Algumas especialidades n\u00e3o possuem entrada direta [&hellip;]<\/p>\n","protected":false},"author":96,"featured_media":169370,"comment_status":"closed","ping_status":"closed","sticky":false,"template":"","format":"standard","meta":{"footnotes":""},"categories":[302,436,439],"tags":[],"class_list":["post-169752","post","type-post","status-publish","format-standard","has-post-thumbnail","hentry","category-brasil-mundo","category-destaque-da-semana","category-ultima-hora"],"_links":{"self":[{"href":"https:\/\/diarioregionaldigital.com.br\/index.php?rest_route=\/wp\/v2\/posts\/169752","targetHints":{"allow":["GET"]}}],"collection":[{"href":"https:\/\/diarioregionaldigital.com.br\/index.php?rest_route=\/wp\/v2\/posts"}],"about":[{"href":"https:\/\/diarioregionaldigital.com.br\/index.php?rest_route=\/wp\/v2\/types\/post"}],"author":[{"embeddable":true,"href":"https:\/\/diarioregionaldigital.com.br\/index.php?rest_route=\/wp\/v2\/users\/96"}],"replies":[{"embeddable":true,"href":"https:\/\/diarioregionaldigital.com.br\/index.php?rest_route=%2Fwp%2Fv2%2Fcomments&post=169752"}],"version-history":[{"count":0,"href":"https:\/\/diarioregionaldigital.com.br\/index.php?rest_route=\/wp\/v2\/posts\/169752\/revisions"}],"wp:featuredmedia":[{"embeddable":true,"href":"https:\/\/diarioregionaldigital.com.br\/index.php?rest_route=\/wp\/v2\/media\/169370"}],"wp:attachment":[{"href":"https:\/\/diarioregionaldigital.com.br\/index.php?rest_route=%2Fwp%2Fv2%2Fmedia&parent=169752"}],"wp:term":[{"taxonomy":"category","embeddable":true,"href":"https:\/\/diarioregionaldigital.com.br\/index.php?rest_route=%2Fwp%2Fv2%2Fcategories&post=169752"},{"taxonomy":"post_tag","embeddable":true,"href":"https:\/\/diarioregionaldigital.com.br\/index.php?rest_route=%2Fwp%2Fv2%2Ftags&post=169752"}],"curies":[{"name":"wp","href":"https:\/\/api.w.org\/{rel}","templated":true}]}}