{"id":169703,"date":"2020-09-25T14:40:23","date_gmt":"2020-09-25T17:40:23","guid":{"rendered":"https:\/\/diarioregionaldigital.com.br\/?p=169703"},"modified":"2020-09-25T14:40:23","modified_gmt":"2020-09-25T17:40:23","slug":"ief-divulga-reabertura-de-unidades-de-conservacao","status":"publish","type":"post","link":"https:\/\/diarioregionaldigital.com.br\/?p=169703","title":{"rendered":"IEF divulga reabertura de unidades de conserva\u00e7\u00e3o"},"content":{"rendered":"<p>Turistas e moradores de Minas Gerais interessados em visitar as unidades de conserva\u00e7\u00e3o gerenciadas pelo\u00a0<a href=\"http:\/\/www.ief.mg.gov.br\/\" target=\"_blank\" rel=\"noopener noreferrer\">Instituto Estadual de Florestas (IEF)<\/a>\u00a0ser\u00e3o beneficiados com a reabertura de mais 19 parques estaduais, esta\u00e7\u00f5es ecol\u00f3gicas e outros tipos, incluindo o Parque Estadual do Ibitipoca. A retomada da visita\u00e7\u00e3o nessas unidades ser\u00e1 dividida em quatro momentos.<\/p>\n<p>Com o novo an\u00fancio, \u00a0agora s\u00e3o 28 unidades de conserva\u00e7\u00e3o aptas \u00e0 visita\u00e7\u00e3o, que estava interrompida em raz\u00e3o da pandemia de covid-19.<\/p>\n<p>&#8220;Estamos seguindo o que est\u00e1 previsto no\u00a0<a href=\"http:\/\/www.mg.gov.br\/minasconsciente\" target=\"_blank\" rel=\"noopener noreferrer\">Plano Minas Consciente<\/a>. A reabertura se dar\u00e1 apenas nas unidades que est\u00e3o inseridas em munic\u00edpios que estejam nas ondas verde e amarela do plano\u201d, explica o diretor-geral do IEF, Ant\u00f4nio Malard. \u201cEstamos muito tranquilos para a retomada das visita\u00e7\u00f5es, porque o retorno foi muito positivo onde j\u00e1 reabrimos e foi feito um trabalho de planejamento bastante s\u00f3lido para trazer aos visitantes as melhores condi\u00e7\u00f5es poss\u00edveis&#8221;, completa.<\/p>\n<p>O diretor de Unidades de Conserva\u00e7\u00e3o do IEF, Cl\u00e1udio Castro, destaca que, neste momento, algumas unidades que est\u00e3o nas cidades que ainda se encontram na onda vermelha do Plano Minas Consciente n\u00e3o poder\u00e3o ser reabertas, mas entrar\u00e3o na lista de reabertura quando houver avan\u00e7o para as ondas amarela ou verde.<\/p>\n<p><b>Cronograma<\/b><\/p>\n<p>As novas reaberturas come\u00e7am a partir deste s\u00e1bado (26\/9). O primeiro grupo, com nove unidades, inclui os parques estaduais Verde Grande, Serra das Araras, Lagoa do Cajueiro, Mata Seca, Veredas do Perua\u00e7u, e Serra Negra, al\u00e9m das esta\u00e7\u00f5es ecol\u00f3gicas de Acau\u00e3 e Mata dos Ausentes, e da \u00c1rea de Prote\u00e7\u00e3o Ambiental (APA) das \u00c1guas Vertentes. J\u00e1 na ter\u00e7a-feira (29\/9), ser\u00e1 a vez da reabertura dos parques estaduais Boa Esperan\u00e7a e Nova Baden.<\/p>\n<p>Na quarta-feira (30\/9), seis unidades voltam a receber visitantes: os parques estaduais Pico do Itamb\u00e9, Serra do Brigadeiro, Rio Doce, Rio Preto e Ibitipoca; e a Esta\u00e7\u00e3o Ecol\u00f3gica Corumb\u00e1. Na pr\u00f3xima quinta-feira (1\/10) reabrem o Parque Estadual Serra do Intendente e o Monumento Natural Estadual V\u00e1rzea do Lageado e Serra do Raio.<\/p>\n<p>Recentemente, foram reabertas as seguintes unidades: parques estaduais Lapa Grande, Serra do Rola-Mo\u00e7a e Biribiri (12\/9); Parque Estadual Serra Nova e Talhado, Monumento Natural Estadual Serra da Piedade e Ref\u00fagio de Vida Silvestre Estadual Lib\u00e9lulas da Serra de S\u00e3o Jos\u00e9 (15\/9); parques estaduais Mata do Limoeiro e Serra Verde e Ref\u00fagio da Vida Silvestre Rio Pandeiros (19\/9).<\/p>\n<p><b>Ibitipoca<\/b><\/p>\n<p>Uma das reaberturas mais aguardadas \u00e9 a do Parque Estadual do Ibitipoca, unidade de conserva\u00e7\u00e3o recordista em n\u00famero de visitantes entre aquelas gerenciadas pelo IEF em Minas Gerais. De acordo com a gerente do parque, Clarice Silva, ser\u00e3o permitidos 500 visitantes por dia, com agendamento eletr\u00f4nico para os principais atrativos.<\/p>\n<p>&#8220;Vamos trabalhar com o agendamento para evitar aglomera\u00e7\u00f5es na portaria da unidade\u201d, observa Clarice. \u201cAs trilhas n\u00e3o t\u00eam quase nenhuma eros\u00e3o e quem nos visitar vai encontrar uma unidade preparada da melhor maneira poss\u00edvel para receber os turistas&#8221;, acrescenta.<\/p>\n<p><b>Protocolos<\/b><\/p>\n<p>O site do IEF tem uma p\u00e1gina especial criada para reunir todas as informa\u00e7\u00f5es dos protocolos usados para cada unidade de conserva\u00e7\u00e3o na reabertura. Para conferir,\u00a0<a href=\"http:\/\/www.ief.mg.gov.br\/unidades-de-conservacao\/-orientacoes-de-reabertura-ucs\" target=\"_blank\" rel=\"noopener noreferrer\">clique aqui<\/a>.<\/p>\n<p><b><strong><u>Servi\u00e7o<\/u><\/strong><strong>:<\/strong><\/p>\n<p><strong>Reabertura de mais 19 unidades de conserva\u00e7\u00e3o \u2013 IEF<\/strong><\/b><\/p>\n<p><strong>26\/9 (<\/strong><strong>s\u00e1bado)<\/strong><br \/>\nParque Estadual Verde Grande<br \/>\nParque Estadual Serra das Araras<br \/>\nParque Estadual Lagoa do Cajueiro<br \/>\nParque Estadual Mata Seca<br \/>\nParque Estadual Veredas do Perua\u00e7u<br \/>\nParque Estadual Serra Negra<br \/>\nEsta\u00e7\u00e3o Ecol\u00f3gica Acau\u00e3<br \/>\nEsta\u00e7\u00e3o Ecol\u00f3gica Mata dos Ausentes<br \/>\n\u00c1rea de Prote\u00e7\u00e3o Ambiental \u00c1guas Vertentes<\/p>\n<p><strong>29\/9 (<\/strong><strong>ter\u00e7a-feira)<\/strong><br \/>\nParque Estadual Serra da Boa Esperan\u00e7a<br \/>\nParque Estadual de Nova Baden<\/p>\n<p><strong>30\/9 (<\/strong><strong>quarta-feira)<\/strong><br \/>\nParque Estadual do Pico do Itamb\u00e9<br \/>\nParque Estadual da Serra do Brigadeiro<br \/>\nParque Estadual do Rio Doce<br \/>\nParque Estadual do Rio Preto<br \/>\nParque Estadual do Ibitipoca<br \/>\nEsta\u00e7\u00e3o Ecol\u00f3gica Corumb\u00e1<\/p>\n<p><b><strong>1\/10 (<\/strong><strong>quinta-feira)<\/strong><\/b><br \/>\nParque Estadual Serra do Intendente<br \/>\nMonumento Natural Estadual V\u00e1rzea do Lajeado e Serra do Raio<\/p>\n<p><strong>Fonte:\u00a0<\/strong>Ag\u00eancia Minas<\/p>\n","protected":false},"excerpt":{"rendered":"<p>Turistas e moradores de Minas Gerais interessados em visitar as unidades de conserva\u00e7\u00e3o gerenciadas pelo\u00a0Instituto Estadual de Florestas (IEF)\u00a0ser\u00e3o beneficiados com a reabertura de mais 19 parques estaduais, esta\u00e7\u00f5es ecol\u00f3gicas e outros tipos, incluindo o Parque Estadual do Ibitipoca. A retomada da visita\u00e7\u00e3o nessas unidades ser\u00e1 dividida em quatro momentos. Com o novo an\u00fancio, \u00a0agora [&hellip;]<\/p>\n","protected":false},"author":96,"featured_media":168729,"comment_status":"closed","ping_status":"closed","sticky":false,"template":"","format":"standard","meta":{"footnotes":""},"categories":[436,252,439],"tags":[],"class_list":["post-169703","post","type-post","status-publish","format-standard","has-post-thumbnail","hentry","category-destaque-da-semana","category-regiao","category-ultima-hora"],"_links":{"self":[{"href":"https:\/\/diarioregionaldigital.com.br\/index.php?rest_route=\/wp\/v2\/posts\/169703","targetHints":{"allow":["GET"]}}],"collection":[{"href":"https:\/\/diarioregionaldigital.com.br\/index.php?rest_route=\/wp\/v2\/posts"}],"about":[{"href":"https:\/\/diarioregionaldigital.com.br\/index.php?rest_route=\/wp\/v2\/types\/post"}],"author":[{"embeddable":true,"href":"https:\/\/diarioregionaldigital.com.br\/index.php?rest_route=\/wp\/v2\/users\/96"}],"replies":[{"embeddable":true,"href":"https:\/\/diarioregionaldigital.com.br\/index.php?rest_route=%2Fwp%2Fv2%2Fcomments&post=169703"}],"version-history":[{"count":0,"href":"https:\/\/diarioregionaldigital.com.br\/index.php?rest_route=\/wp\/v2\/posts\/169703\/revisions"}],"wp:featuredmedia":[{"embeddable":true,"href":"https:\/\/diarioregionaldigital.com.br\/index.php?rest_route=\/wp\/v2\/media\/168729"}],"wp:attachment":[{"href":"https:\/\/diarioregionaldigital.com.br\/index.php?rest_route=%2Fwp%2Fv2%2Fmedia&parent=169703"}],"wp:term":[{"taxonomy":"category","embeddable":true,"href":"https:\/\/diarioregionaldigital.com.br\/index.php?rest_route=%2Fwp%2Fv2%2Fcategories&post=169703"},{"taxonomy":"post_tag","embeddable":true,"href":"https:\/\/diarioregionaldigital.com.br\/index.php?rest_route=%2Fwp%2Fv2%2Ftags&post=169703"}],"curies":[{"name":"wp","href":"https:\/\/api.w.org\/{rel}","templated":true}]}}