{"id":169693,"date":"2020-09-25T14:32:41","date_gmt":"2020-09-25T17:32:41","guid":{"rendered":"https:\/\/diarioregionaldigital.com.br\/?p=169693"},"modified":"2020-09-25T14:32:41","modified_gmt":"2020-09-25T17:32:41","slug":"comite-covid-19-veta-aulas-presenciais-de-ensino-superior-em-juiz-de-fora","status":"publish","type":"post","link":"https:\/\/diarioregionaldigital.com.br\/?p=169693","title":{"rendered":"Comit\u00ea Covid-19 veta aulas presenciais de ensino superior em Juiz de Fora"},"content":{"rendered":"<p><span style=\"font-weight: 400;\">O Comit\u00ea Municipal de Enfrentamento e Preven\u00e7\u00e3o \u00e0 Covid-19, se reuniu na quinta-feira (24) e foi determinado o veto, para a retomada de aulas presenciais, nas redes de ensino superior em Juiz de Fora. O assunto foi analisado entre os membros do Comit\u00ea, logo ap\u00f3s o Governo de Minas Gerais, autorizar o retorno das atividades escolares presenciais, nas institui\u00e7\u00f5es de ensino superior p\u00fablicas e privadas.O Executivo definiu a data de 5 de outubro para o in\u00edcio do cronograma escolar.\u00a0<\/span><\/p>\n<p><span style=\"font-weight: 400;\">Apesar dessa nova medida, a decis\u00e3o de retomar ou n\u00e3o os trabalhos nas redes de educa\u00e7\u00e3o, deve ser tomada pelos prefeitos de cada munic\u00edpio mineiro. Al\u00e9m disso, o Governo estabeleceu que as cidades s\u00f3 poder\u00e3o liberar as aulas presenciais, se estiverem inclu\u00eddas na \u201cOnda Amarela\u201d do \u201cMinas Consciente\u201d. Vale ressaltar que Juiz de Fora est\u00e1 nessa lista.<\/span><\/p>\n<p><span style=\"font-weight: 400;\">Nessa semana, o Governo detalhou que no caso da retomada de atividades da educa\u00e7\u00e3o b\u00e1sica, que contempla educa\u00e7\u00e3o infantil, ensino fundamental e ensino m\u00e9dio, \u00e9 importante que todas as escolas devem estar em cidades listadas na \u201cOnda Verde\u201d.<\/span><\/p>\n<p><span style=\"font-weight: 400;\">Diante da decis\u00e3o de autorizar a volta de atividades presenciais nas redes de educa\u00e7\u00e3o, o Sindicato dos Professores de Juiz de Fora (Sinpro-JF), informou em nota oficial, detalhando seu posicionamento sobre o caso, \u201cA dire\u00e7\u00e3o do Sindicato dos Professores de Juiz de Fora (Sinpro-JF) reafirma, com veem\u00eancia, sua posi\u00e7\u00e3o contr\u00e1ria ao retorno das aulas presenciais, principalmente, neste momento em que se observa agravamento da pandemia de coronav\u00edrus. De forma irrespons\u00e1vel, a decis\u00e3o desconsidera os alertas cient\u00edficos, a aus\u00eancia de estrutura nas escolas para o cumprimento de protocolos sanit\u00e1rios m\u00ednimos, a defici\u00eancia das cidades em termos da oferta de servi\u00e7os de sa\u00fade e de transporte, al\u00e9m das condi\u00e7\u00f5es socioecon\u00f4micas da maioria dos estudantes mineiros\u201d.<\/span><\/p>\n<p><span style=\"font-weight: 400;\">Inclusive, a Central \u00danica dos Trabalhadores de Minas Gerais (CUT\/MG) manifesta seu apoio ao posicionamento do Sindicato \u00danico dos Trabalhadores em Educa\u00e7\u00e3o (Sind-UTE\/MG), \u201cO governo de Romeu Zema, ao anunciar o retorno \u00e0s aulas presenciais, em momento algum se referiu aos profissionais de educa\u00e7\u00e3o, aos cuidados com a vida de quem est\u00e1 nas escolas, locais que propiciam as aglomera\u00e7\u00f5es e, consequentemente, ao risco de contamina\u00e7\u00e3o, o que aumentar\u00e1 as mortes em Minas Gerais. A CUT\/MG vem, reiteradamente, repudiando as sucessivas decis\u00f5es e medidas dos governos federal, estadual e municipal no que se refere ao suposto combate \u00e0 dissemina\u00e7\u00e3o da pandemia. Atitudes que, na verdade, contribuem ainda mais para a prolifera\u00e7\u00e3o da Covid-19 em todo pa\u00eds\u201d.<\/span><\/p>\n<p><b>Mudan\u00e7a de fase no Minas Consciente<\/b><\/p>\n<p><span style=\"font-weight: 400;\">Foi discutido tamb\u00e9m sobre a possibilidade do munic\u00edpio ingressar para a \u201cOnda Verde\u201d e o Comit\u00ea diz que por conta do recente aumento de casos e mortes confirmadas por Coronav\u00edrus, Juiz de Fora ainda n\u00e3o apresenta crit\u00e9rios necess\u00e1rios, para avan\u00e7ar de fase.\u00a0<\/span><\/p>\n<p><span style=\"font-weight: 400;\">Quanto ao cen\u00e1rio da doen\u00e7a, a Administra\u00e7\u00e3o Municipal informa que o \u00cdndice de Transmiss\u00e3o (RT) da Covid-19 na cidade \u00e9 de 1,08. Segundo a Organiza\u00e7\u00e3o Mundial da Sa\u00fade (OMS),\u00a0 este dado indica para quantas pessoas cada infectado transmite a doen\u00e7a. O \u00f3rg\u00e3o diz que a pandemia \u00e9 considerada controlada, se os valores do Rt estiverem abaixo de 1 persistentemente por pelo menos duas semanas.\u00a0 O Executivo detalha que a<\/span> <span style=\"font-weight: 400;\">m\u00e9dia m\u00f3vel dos casos confirmados em um dia<\/span> <span style=\"font-weight: 400;\">continua em 47.<\/span> <span style=\"font-weight: 400;\">No \u00faltimo dia 9 deste m\u00eas, o valor era 27.<\/span><\/p>\n","protected":false},"excerpt":{"rendered":"<p>O Comit\u00ea Municipal de Enfrentamento e Preven\u00e7\u00e3o \u00e0 Covid-19, se reuniu na quinta-feira (24) e foi determinado o veto, para a retomada de aulas presenciais, nas redes de ensino superior em Juiz de Fora. O assunto foi analisado entre os membros do Comit\u00ea, logo ap\u00f3s o Governo de Minas Gerais, autorizar o retorno das atividades [&hellip;]<\/p>\n","protected":false},"author":96,"featured_media":169695,"comment_status":"closed","ping_status":"closed","sticky":false,"template":"","format":"standard","meta":{"footnotes":""},"categories":[253,436,440,439],"tags":[],"class_list":["post-169693","post","type-post","status-publish","format-standard","has-post-thumbnail","hentry","category-cidade","category-destaque-da-semana","category-destaques-do-dia","category-ultima-hora"],"_links":{"self":[{"href":"https:\/\/diarioregionaldigital.com.br\/index.php?rest_route=\/wp\/v2\/posts\/169693","targetHints":{"allow":["GET"]}}],"collection":[{"href":"https:\/\/diarioregionaldigital.com.br\/index.php?rest_route=\/wp\/v2\/posts"}],"about":[{"href":"https:\/\/diarioregionaldigital.com.br\/index.php?rest_route=\/wp\/v2\/types\/post"}],"author":[{"embeddable":true,"href":"https:\/\/diarioregionaldigital.com.br\/index.php?rest_route=\/wp\/v2\/users\/96"}],"replies":[{"embeddable":true,"href":"https:\/\/diarioregionaldigital.com.br\/index.php?rest_route=%2Fwp%2Fv2%2Fcomments&post=169693"}],"version-history":[{"count":0,"href":"https:\/\/diarioregionaldigital.com.br\/index.php?rest_route=\/wp\/v2\/posts\/169693\/revisions"}],"wp:featuredmedia":[{"embeddable":true,"href":"https:\/\/diarioregionaldigital.com.br\/index.php?rest_route=\/wp\/v2\/media\/169695"}],"wp:attachment":[{"href":"https:\/\/diarioregionaldigital.com.br\/index.php?rest_route=%2Fwp%2Fv2%2Fmedia&parent=169693"}],"wp:term":[{"taxonomy":"category","embeddable":true,"href":"https:\/\/diarioregionaldigital.com.br\/index.php?rest_route=%2Fwp%2Fv2%2Fcategories&post=169693"},{"taxonomy":"post_tag","embeddable":true,"href":"https:\/\/diarioregionaldigital.com.br\/index.php?rest_route=%2Fwp%2Fv2%2Ftags&post=169693"}],"curies":[{"name":"wp","href":"https:\/\/api.w.org\/{rel}","templated":true}]}}