{"id":169688,"date":"2020-09-25T11:10:21","date_gmt":"2020-09-25T14:10:21","guid":{"rendered":"https:\/\/diarioregionaldigital.com.br\/?p=169688"},"modified":"2020-09-25T11:10:21","modified_gmt":"2020-09-25T14:10:21","slug":"jovem-tem-motocicleta-roubada-no-bairro-ladeira","status":"publish","type":"post","link":"https:\/\/diarioregionaldigital.com.br\/?p=169688","title":{"rendered":"Jovem tem motocicleta roubada no Bairro Ladeira"},"content":{"rendered":"<p>Na madrugada desta sexta-feira (25), um jovem de 25 anos, transitava pela Rua Maria Perpetua no Bairro Ladeira (Regi\u00e3o Leste) e parou no sem\u00e1foro pr\u00f3ximo \u00e0 Avenida Brasil. Instantes depois, a v\u00edtima foi abordada por um indiv\u00edduo, com posse de arma de fogo, anunciando o roubo. O autor levou a motocicleta e um telefone celular. Em relatos \u00e0 Pol\u00edcia Militar (PM), o jovem conta que durante o ato, uma mulher subiu na garupa da moto e fugiu junto com o suspeito. A guarni\u00e7\u00e3o realizou rastreamento, por\u00e9m sem \u00eaxito.<\/p>\n","protected":false},"excerpt":{"rendered":"<p>Na madrugada desta sexta-feira (25), um jovem de 25 anos, transitava pela Rua Maria Perpetua no Bairro Ladeira (Regi\u00e3o Leste) e parou no sem\u00e1foro pr\u00f3ximo \u00e0 Avenida Brasil. Instantes depois, a v\u00edtima foi abordada por um indiv\u00edduo, com posse de arma de fogo, anunciando o roubo. O autor levou a motocicleta e um telefone celular. [&hellip;]<\/p>\n","protected":false},"author":96,"featured_media":165308,"comment_status":"closed","ping_status":"closed","sticky":false,"template":"","format":"standard","meta":{"footnotes":""},"categories":[301,436,439],"tags":[],"class_list":["post-169688","post","type-post","status-publish","format-standard","has-post-thumbnail","hentry","category-artigos-policiais","category-destaque-da-semana","category-ultima-hora"],"_links":{"self":[{"href":"https:\/\/diarioregionaldigital.com.br\/index.php?rest_route=\/wp\/v2\/posts\/169688","targetHints":{"allow":["GET"]}}],"collection":[{"href":"https:\/\/diarioregionaldigital.com.br\/index.php?rest_route=\/wp\/v2\/posts"}],"about":[{"href":"https:\/\/diarioregionaldigital.com.br\/index.php?rest_route=\/wp\/v2\/types\/post"}],"author":[{"embeddable":true,"href":"https:\/\/diarioregionaldigital.com.br\/index.php?rest_route=\/wp\/v2\/users\/96"}],"replies":[{"embeddable":true,"href":"https:\/\/diarioregionaldigital.com.br\/index.php?rest_route=%2Fwp%2Fv2%2Fcomments&post=169688"}],"version-history":[{"count":0,"href":"https:\/\/diarioregionaldigital.com.br\/index.php?rest_route=\/wp\/v2\/posts\/169688\/revisions"}],"wp:featuredmedia":[{"embeddable":true,"href":"https:\/\/diarioregionaldigital.com.br\/index.php?rest_route=\/wp\/v2\/media\/165308"}],"wp:attachment":[{"href":"https:\/\/diarioregionaldigital.com.br\/index.php?rest_route=%2Fwp%2Fv2%2Fmedia&parent=169688"}],"wp:term":[{"taxonomy":"category","embeddable":true,"href":"https:\/\/diarioregionaldigital.com.br\/index.php?rest_route=%2Fwp%2Fv2%2Fcategories&post=169688"},{"taxonomy":"post_tag","embeddable":true,"href":"https:\/\/diarioregionaldigital.com.br\/index.php?rest_route=%2Fwp%2Fv2%2Ftags&post=169688"}],"curies":[{"name":"wp","href":"https:\/\/api.w.org\/{rel}","templated":true}]}}