{"id":169610,"date":"2020-09-24T14:51:13","date_gmt":"2020-09-24T17:51:13","guid":{"rendered":"https:\/\/diarioregionaldigital.com.br\/?p=169610"},"modified":"2020-09-24T14:51:13","modified_gmt":"2020-09-24T17:51:13","slug":"governo-faz-primeira-reuniao-preparatoria-para-o-periodo-chuvoso-2020-2021","status":"publish","type":"post","link":"https:\/\/diarioregionaldigital.com.br\/?p=169610","title":{"rendered":"Governo faz primeira reuni\u00e3o preparat\u00f3ria para o per\u00edodo chuvoso 2020\/2021"},"content":{"rendered":"<p>Com objetivo de planejar e minimizar os impactos das chuvas, o\u00a0<a href=\"http:\/\/mg.gov.br\/\" target=\"_blank\" rel=\"noopener noreferrer\">Governo de Minas Gerais<\/a>\u00a0promoveu, nessa quarta-feira (23\/9), a primeira reuni\u00e3o de prepara\u00e7\u00e3o para o per\u00edodo chuvoso 2020\/2021. O encontro foi realizado pela\u00a0<a href=\"http:\/\/www.defesacivil.mg.gov.br\/\" target=\"_blank\" rel=\"noopener noreferrer\">Coordenadoria Estadual de Defesa Civil (Cedec)<\/a>, do\u00a0<a href=\"http:\/\/www.gabinetemilitar.mg.gov.br\/\" target=\"_blank\" rel=\"noopener noreferrer\">Gabinete Militar do Governador (GMG)<\/a>, para alinhar as estrat\u00e9gias que ser\u00e3o implementadas por cada \u00f3rg\u00e3o que comp\u00f5e o Grupo Estrat\u00e9gico de Resposta a Desastres (GER), institu\u00eddo pelo Estado em outubro de 2019.<\/p>\n<p>Na abertura da reuni\u00e3o, o governador Romeu Zema\u00a0refor\u00e7ou a import\u00e2ncia de se preparar com anteced\u00eancia para evitar trag\u00e9dias e preservar vidas. O encontro\u00a0contou com a participa\u00e7\u00e3o de uma equipe multidisciplinar, composta por secret\u00e1rios de Estado e representantes de entidades e \u00f3rg\u00e3os colaboradores, que t\u00eam atua\u00e7\u00e3o na preven\u00e7\u00e3o, na mitiga\u00e7\u00e3o e na resposta a desastres t\u00edpicos deste per\u00edodo (novembro a mar\u00e7o), sobretudo derivados da chuva.<\/p>\n<p>O chefe do Gabinete Militar do Governador e coordenador de Defesa Civil, coronel Osvaldo de Souza Marques, destacou o trabalho integrado. \u201cEstamos atuando em conjunto com todos os \u00f3rg\u00e3os para prevenir e salvar vidas. Vamos ter mais reuni\u00f5es, envolvendo os munic\u00edpios mineiros, para evitar, ao m\u00e1ximo, os desastres causados pelas chuvas. Sabemos que n\u00e3o conseguimos controlar o clima, mas podemos mitigar os efeitos desse per\u00edodo nas comunidades\u201d, ressaltou.<\/p>\n<p><strong>Equipe em campo\u00a0<\/strong><\/p>\n<p>Atualmente, a Defesa Civil Estadual conta com equipes no interior do estado para fazer um mapeamento de risco nas regi\u00f5es Leste, Vale do Rio Doce e Zona da Mata &#8211; locais que foram mais atingidos no \u00faltimo per\u00edodo chuvoso. Al\u00e9m disso, ser\u00e3o verificadas as obras realizadas com recursos, sobretudo federais, destinadas aos munic\u00edpios no in\u00edcio deste ano para a reconstru\u00e7\u00e3o das cidades, em fun\u00e7\u00e3o das fortes chuvas.<\/p>\n<p>Na pr\u00f3xima semana, a Cedec e o GMG promovem um semin\u00e1rio sobre a chuva, para estender o alinhamento das estrat\u00e9gias de enfrentamento deste per\u00edodo aos munic\u00edpios mineiros. Durante o evento, tamb\u00e9m ser\u00e1 lan\u00e7ado o Plano Estadual para o Per\u00edodo Chuvoso, com todo o planejamento para enfrentamento da esta\u00e7\u00e3o chuvosa.<\/p>\n<p><strong>Fonte:<\/strong> Ag\u00eancia Minas<\/p>\n","protected":false},"excerpt":{"rendered":"<p>Com objetivo de planejar e minimizar os impactos das chuvas, o\u00a0Governo de Minas Gerais\u00a0promoveu, nessa quarta-feira (23\/9), a primeira reuni\u00e3o de prepara\u00e7\u00e3o para o per\u00edodo chuvoso 2020\/2021. O encontro foi realizado pela\u00a0Coordenadoria Estadual de Defesa Civil (Cedec), do\u00a0Gabinete Militar do Governador (GMG), para alinhar as estrat\u00e9gias que ser\u00e3o implementadas por cada \u00f3rg\u00e3o que comp\u00f5e o [&hellip;]<\/p>\n","protected":false},"author":96,"featured_media":169611,"comment_status":"closed","ping_status":"closed","sticky":false,"template":"","format":"standard","meta":{"footnotes":""},"categories":[436,254,439],"tags":[],"class_list":["post-169610","post","type-post","status-publish","format-standard","has-post-thumbnail","hentry","category-destaque-da-semana","category-politica","category-ultima-hora"],"_links":{"self":[{"href":"https:\/\/diarioregionaldigital.com.br\/index.php?rest_route=\/wp\/v2\/posts\/169610","targetHints":{"allow":["GET"]}}],"collection":[{"href":"https:\/\/diarioregionaldigital.com.br\/index.php?rest_route=\/wp\/v2\/posts"}],"about":[{"href":"https:\/\/diarioregionaldigital.com.br\/index.php?rest_route=\/wp\/v2\/types\/post"}],"author":[{"embeddable":true,"href":"https:\/\/diarioregionaldigital.com.br\/index.php?rest_route=\/wp\/v2\/users\/96"}],"replies":[{"embeddable":true,"href":"https:\/\/diarioregionaldigital.com.br\/index.php?rest_route=%2Fwp%2Fv2%2Fcomments&post=169610"}],"version-history":[{"count":0,"href":"https:\/\/diarioregionaldigital.com.br\/index.php?rest_route=\/wp\/v2\/posts\/169610\/revisions"}],"wp:featuredmedia":[{"embeddable":true,"href":"https:\/\/diarioregionaldigital.com.br\/index.php?rest_route=\/wp\/v2\/media\/169611"}],"wp:attachment":[{"href":"https:\/\/diarioregionaldigital.com.br\/index.php?rest_route=%2Fwp%2Fv2%2Fmedia&parent=169610"}],"wp:term":[{"taxonomy":"category","embeddable":true,"href":"https:\/\/diarioregionaldigital.com.br\/index.php?rest_route=%2Fwp%2Fv2%2Fcategories&post=169610"},{"taxonomy":"post_tag","embeddable":true,"href":"https:\/\/diarioregionaldigital.com.br\/index.php?rest_route=%2Fwp%2Fv2%2Ftags&post=169610"}],"curies":[{"name":"wp","href":"https:\/\/api.w.org\/{rel}","templated":true}]}}