{"id":169565,"date":"2020-09-24T06:00:05","date_gmt":"2020-09-24T09:00:05","guid":{"rendered":"https:\/\/diarioregionaldigital.com.br\/?p=169565"},"modified":"2020-09-24T01:50:26","modified_gmt":"2020-09-24T04:50:26","slug":"al-mare","status":"publish","type":"post","link":"https:\/\/diarioregionaldigital.com.br\/?p=169565","title":{"rendered":"Al Mare"},"content":{"rendered":"<p style=\"text-align: center;\"><strong>Semin\u00e1rio<\/strong><\/p>\n<p style=\"text-align: center;\">Foi coroado de sucesso o V Semin\u00e1rio Mem\u00f3rias Nostalgias e Imaginarios, realizado pelo grupo de pesquisa Comunica\u00e7\u00e3o Cidade e Mem\u00f3ria (Comcime) da faculdade de Comunica\u00e7\u00e3o da UFJF. Realizado on-line devido \u00e0 pandemia do novo Coronav\u00edrus, promoveu palestras com pesquisadores brasileiros e do exterior por meio do aplicativo Zoom.<\/p>\n<p style=\"text-align: center;\"><strong>Automobilismo<\/strong><\/p>\n<p style=\"text-align: center;\">A cada nova temporada, a F\u00f3rmula E conquista mais f\u00e3s, mesmo sem o adorado ronco dos motores, atrai pilotos experientes e se mostra um laborat\u00f3rio importante para as fabricantes, No entanto para crescer no Brasil \u00e9 fundamental ter mais pilotos no Grid e correr nas ruas do pa\u00eds.<\/p>\n<p style=\"text-align: center;\"><strong>Volta \u00e0s Aulas<\/strong><\/p>\n<p style=\"text-align: center;\">Um paradoxo vem sendo praticado pela sociedade. Professores alegam risco sanit\u00e1rio e se recusam a retomar suas atividades, mas s\u00e3o encontrados em praias. Shopping e bares. Pais n\u00e3o aceitam que seus filhos retornem \u00e0s escolas, mas os levam a locais de aglomera\u00e7\u00e3o. Para mim, todos deveriam manter a quarentena e procurar viver melhor.<\/p>\n<p style=\"text-align: center;\"><span style=\"font-size: 14pt;\"><strong> Al Mare<\/strong><\/span><\/p>\n<p style=\"text-align: center;\">Para aliviar a tens\u00e3o mundial, cen\u00e1rios encantadores da It\u00e1lia e referencias do universo n\u00e1utico inspiram nova cole\u00e7\u00e3o da joalheria masculina Quo J\u00f3ias cocriada com o influenciador Kadu Dantas. As j\u00f3ias que carregam hist\u00f3rias traduz uma cole\u00e7\u00e3o \u00fanica com qualidade t\u00e9cnica italiana. Pode ser encontrada na Alameda Lorena nos Jardins em S\u00e3o Paulo.<\/p>\n<div id=\"attachment_169550\" style=\"width: 690px\" class=\"wp-caption aligncenter\"><img loading=\"lazy\" decoding=\"async\" aria-describedby=\"caption-attachment-169550\" class=\"wp-image-169550\" src=\"https:\/\/diarioregionaldigital.com.br\/wp-content\/uploads\/2020\/09\/fotoa-14-e1600922141522.jpg\" alt=\"\" width=\"680\" height=\"494\" srcset=\"https:\/\/diarioregionaldigital.com.br\/wp-content\/uploads\/2020\/09\/fotoa-14-e1600922141522.jpg 947w, https:\/\/diarioregionaldigital.com.br\/wp-content\/uploads\/2020\/09\/fotoa-14-e1600922141522-300x218.jpg 300w, https:\/\/diarioregionaldigital.com.br\/wp-content\/uploads\/2020\/09\/fotoa-14-e1600922141522-768x558.jpg 768w, https:\/\/diarioregionaldigital.com.br\/wp-content\/uploads\/2020\/09\/fotoa-14-e1600922141522-360x262.jpg 360w\" sizes=\"auto, (max-width: 680px) 100vw, 680px\" \/><p id=\"caption-attachment-169550\" class=\"wp-caption-text\">O chef Alessandro Resende Debortoli (Piau) em clima juntos somos mais fortes com os filhos Gabriel e Thiago<\/p><\/div>\n<div id=\"attachment_169552\" style=\"width: 690px\" class=\"wp-caption aligncenter\"><img loading=\"lazy\" decoding=\"async\" aria-describedby=\"caption-attachment-169552\" class=\"wp-image-169552\" src=\"https:\/\/diarioregionaldigital.com.br\/wp-content\/uploads\/2020\/09\/fotoc-6-e1600922223520.jpeg\" alt=\"\" width=\"680\" height=\"454\" srcset=\"https:\/\/diarioregionaldigital.com.br\/wp-content\/uploads\/2020\/09\/fotoc-6-e1600922223520.jpeg 624w, https:\/\/diarioregionaldigital.com.br\/wp-content\/uploads\/2020\/09\/fotoc-6-e1600922223520-300x200.jpeg 300w, https:\/\/diarioregionaldigital.com.br\/wp-content\/uploads\/2020\/09\/fotoc-6-e1600922223520-360x241.jpeg 360w\" sizes=\"auto, (max-width: 680px) 100vw, 680px\" \/><p id=\"caption-attachment-169552\" class=\"wp-caption-text\">Gabriel Elias Campos recebendo de Eduardo Gomes o Trof\u00e9u Di\u00e1rio Regional \u2013 RCWTV, como \u201cM\u00fasico do Ano 2020\u201d<\/p><\/div>\n<div id=\"attachment_169551\" style=\"width: 690px\" class=\"wp-caption aligncenter\"><img loading=\"lazy\" decoding=\"async\" aria-describedby=\"caption-attachment-169551\" class=\"wp-image-169551\" src=\"https:\/\/diarioregionaldigital.com.br\/wp-content\/uploads\/2020\/09\/fotob-7-e1600922169108.jpg\" alt=\"\" width=\"680\" height=\"594\" srcset=\"https:\/\/diarioregionaldigital.com.br\/wp-content\/uploads\/2020\/09\/fotob-7-e1600922169108.jpg 856w, https:\/\/diarioregionaldigital.com.br\/wp-content\/uploads\/2020\/09\/fotob-7-e1600922169108-300x262.jpg 300w, https:\/\/diarioregionaldigital.com.br\/wp-content\/uploads\/2020\/09\/fotob-7-e1600922169108-768x671.jpg 768w, https:\/\/diarioregionaldigital.com.br\/wp-content\/uploads\/2020\/09\/fotob-7-e1600922169108-360x315.jpg 360w\" sizes=\"auto, (max-width: 680px) 100vw, 680px\" \/><p id=\"caption-attachment-169551\" class=\"wp-caption-text\">Um foco de luz na bonita Rose Neto, em destaque nesta coluna social on-line<\/p><\/div>\n<div id=\"attachment_169553\" style=\"width: 690px\" class=\"wp-caption aligncenter\"><img loading=\"lazy\" decoding=\"async\" aria-describedby=\"caption-attachment-169553\" class=\"wp-image-169553\" src=\"https:\/\/diarioregionaldigital.com.br\/wp-content\/uploads\/2020\/09\/fotod-12-e1600922264234.jpg\" alt=\"\" width=\"680\" height=\"512\" srcset=\"https:\/\/diarioregionaldigital.com.br\/wp-content\/uploads\/2020\/09\/fotod-12-e1600922264234.jpg 819w, https:\/\/diarioregionaldigital.com.br\/wp-content\/uploads\/2020\/09\/fotod-12-e1600922264234-300x226.jpg 300w, https:\/\/diarioregionaldigital.com.br\/wp-content\/uploads\/2020\/09\/fotod-12-e1600922264234-768x579.jpg 768w, https:\/\/diarioregionaldigital.com.br\/wp-content\/uploads\/2020\/09\/fotod-12-e1600922264234-360x271.jpg 360w\" sizes=\"auto, (max-width: 680px) 100vw, 680px\" \/><p id=\"caption-attachment-169553\" class=\"wp-caption-text\">Nathan Henrique Lucas Mazali e Edson Pedro Almeida em momento de palestra construtiva<\/p><\/div>\n<div id=\"attachment_169554\" style=\"width: 690px\" class=\"wp-caption aligncenter\"><img loading=\"lazy\" decoding=\"async\" aria-describedby=\"caption-attachment-169554\" class=\"wp-image-169554\" src=\"https:\/\/diarioregionaldigital.com.br\/wp-content\/uploads\/2020\/09\/fotoe-15-e1600922313993.jpg\" alt=\"\" width=\"680\" height=\"477\" srcset=\"https:\/\/diarioregionaldigital.com.br\/wp-content\/uploads\/2020\/09\/fotoe-15-e1600922313993.jpg 2029w, https:\/\/diarioregionaldigital.com.br\/wp-content\/uploads\/2020\/09\/fotoe-15-e1600922313993-300x210.jpg 300w, https:\/\/diarioregionaldigital.com.br\/wp-content\/uploads\/2020\/09\/fotoe-15-e1600922313993-1024x718.jpg 1024w, https:\/\/diarioregionaldigital.com.br\/wp-content\/uploads\/2020\/09\/fotoe-15-e1600922313993-768x538.jpg 768w, https:\/\/diarioregionaldigital.com.br\/wp-content\/uploads\/2020\/09\/fotoe-15-e1600922313993-1536x1076.jpg 1536w, https:\/\/diarioregionaldigital.com.br\/wp-content\/uploads\/2020\/09\/fotoe-15-e1600922313993-360x252.jpg 360w, https:\/\/diarioregionaldigital.com.br\/wp-content\/uploads\/2020\/09\/fotoe-15-e1600922313993-100x70.jpg 100w\" sizes=\"auto, (max-width: 680px) 100vw, 680px\" \/><p id=\"caption-attachment-169554\" class=\"wp-caption-text\">Salve os campe\u00f5es de ciclismo: Balboa, Zal e Jaguar<\/p><\/div>\n<div id=\"attachment_169555\" style=\"width: 690px\" class=\"wp-caption aligncenter\"><img loading=\"lazy\" decoding=\"async\" aria-describedby=\"caption-attachment-169555\" class=\"wp-image-169555\" src=\"https:\/\/diarioregionaldigital.com.br\/wp-content\/uploads\/2020\/09\/fotof-13-e1600922374761.jpg\" alt=\"\" width=\"680\" height=\"446\" srcset=\"https:\/\/diarioregionaldigital.com.br\/wp-content\/uploads\/2020\/09\/fotof-13-e1600922374761.jpg 1802w, https:\/\/diarioregionaldigital.com.br\/wp-content\/uploads\/2020\/09\/fotof-13-e1600922374761-300x197.jpg 300w, https:\/\/diarioregionaldigital.com.br\/wp-content\/uploads\/2020\/09\/fotof-13-e1600922374761-1024x672.jpg 1024w, https:\/\/diarioregionaldigital.com.br\/wp-content\/uploads\/2020\/09\/fotof-13-e1600922374761-768x504.jpg 768w, https:\/\/diarioregionaldigital.com.br\/wp-content\/uploads\/2020\/09\/fotof-13-e1600922374761-1536x1008.jpg 1536w, https:\/\/diarioregionaldigital.com.br\/wp-content\/uploads\/2020\/09\/fotof-13-e1600922374761-360x236.jpg 360w\" sizes=\"auto, (max-width: 680px) 100vw, 680px\" \/><p id=\"caption-attachment-169555\" class=\"wp-caption-text\">Antes da pandemia em Paris, o artista pl\u00e1stico Ricardo Barcellos<\/p><\/div>\n<div id=\"attachment_169556\" style=\"width: 690px\" class=\"wp-caption aligncenter\"><img loading=\"lazy\" decoding=\"async\" aria-describedby=\"caption-attachment-169556\" class=\"wp-image-169556\" src=\"https:\/\/diarioregionaldigital.com.br\/wp-content\/uploads\/2020\/09\/fotog-15-e1600922409844.jpg\" alt=\"\" width=\"680\" height=\"490\" srcset=\"https:\/\/diarioregionaldigital.com.br\/wp-content\/uploads\/2020\/09\/fotog-15-e1600922409844.jpg 459w, https:\/\/diarioregionaldigital.com.br\/wp-content\/uploads\/2020\/09\/fotog-15-e1600922409844-300x216.jpg 300w, https:\/\/diarioregionaldigital.com.br\/wp-content\/uploads\/2020\/09\/fotog-15-e1600922409844-360x260.jpg 360w\" sizes=\"auto, (max-width: 680px) 100vw, 680px\" \/><p id=\"caption-attachment-169556\" class=\"wp-caption-text\">Momento ternura em Barcelona com James Fernando e J\u00falia Branco<\/p><\/div>\n<div id=\"attachment_169558\" style=\"width: 690px\" class=\"wp-caption aligncenter\"><img loading=\"lazy\" decoding=\"async\" aria-describedby=\"caption-attachment-169558\" class=\"wp-image-169558\" src=\"https:\/\/diarioregionaldigital.com.br\/wp-content\/uploads\/2020\/09\/fotoi-9-e1600922473209.jpg\" alt=\"\" width=\"680\" height=\"487\" srcset=\"https:\/\/diarioregionaldigital.com.br\/wp-content\/uploads\/2020\/09\/fotoi-9-e1600922473209.jpg 938w, https:\/\/diarioregionaldigital.com.br\/wp-content\/uploads\/2020\/09\/fotoi-9-e1600922473209-300x215.jpg 300w, https:\/\/diarioregionaldigital.com.br\/wp-content\/uploads\/2020\/09\/fotoi-9-e1600922473209-768x550.jpg 768w, https:\/\/diarioregionaldigital.com.br\/wp-content\/uploads\/2020\/09\/fotoi-9-e1600922473209-360x258.jpg 360w\" sizes=\"auto, (max-width: 680px) 100vw, 680px\" \/><p id=\"caption-attachment-169558\" class=\"wp-caption-text\">Em refinada noite de festa Jorge Modesto, Luiz Duque (aniversariando) e Celinho Vidal<\/p><\/div>\n<div id=\"attachment_169557\" style=\"width: 690px\" class=\"wp-caption aligncenter\"><img loading=\"lazy\" decoding=\"async\" aria-describedby=\"caption-attachment-169557\" class=\"wp-image-169557\" src=\"https:\/\/diarioregionaldigital.com.br\/wp-content\/uploads\/2020\/09\/fotoh-14-e1600922440338.jpg\" alt=\"\" width=\"680\" height=\"473\" srcset=\"https:\/\/diarioregionaldigital.com.br\/wp-content\/uploads\/2020\/09\/fotoh-14-e1600922440338.jpg 846w, https:\/\/diarioregionaldigital.com.br\/wp-content\/uploads\/2020\/09\/fotoh-14-e1600922440338-300x210.jpg 300w, https:\/\/diarioregionaldigital.com.br\/wp-content\/uploads\/2020\/09\/fotoh-14-e1600922440338-768x535.jpg 768w, https:\/\/diarioregionaldigital.com.br\/wp-content\/uploads\/2020\/09\/fotoh-14-e1600922440338-360x251.jpg 360w, https:\/\/diarioregionaldigital.com.br\/wp-content\/uploads\/2020\/09\/fotoh-14-e1600922440338-100x70.jpg 100w\" sizes=\"auto, (max-width: 680px) 100vw, 680px\" \/><p id=\"caption-attachment-169557\" class=\"wp-caption-text\">Comemorando anivers\u00e1rio a bela Renata Hirschberg com os amigos: Cristielle, Watila e T\u00falio<\/p><\/div>\n<p style=\"text-align: center;\"><strong>FOTOSS\u00cdNTESE<\/strong><\/p>\n<p>Abra\u00e7os carinhosos para: Alisson Oliveira, La\u00eds Horta, L\u00fa Mendes, Marcelo Vasconcellos, Marco T\u00falio Ballesteros, Giovana Amin, Jos\u00e9 C\u00e9lio Ateniense, Elizabeth do Nascimento Mateus, Melissa Mendes e Igor Matheus.<\/p>\n<p>Aten\u00e7\u00e3o: apesar da flexibiliza\u00e7\u00e3o do Governo de Minas, o Comit\u00ea Municipal de Preven\u00e7\u00e3o e enfrentamento a Covid-19 brecou a retomada de equipamentos e parques em Juiz de Fora.<\/p>\n<p>Os pre\u00e7os dos alimentos aumentaram tanto em Juiz de Fora que aumentou a procura de macarr\u00e3o instant\u00e2neo na cidade. Pra economistas, os mais pobres sentem maior impacto. AMIS cobra provid\u00eancias do Governo Federal.<\/p>\n<p>Avan\u00e7a Minas prev\u00ea investimento de R$13 milh\u00f5es em Juiz de Fora. O pacote da retomada anunciada pelo governador de Minas Romeu Zema contempla obras no antigo pr\u00e9dio do Grupo Central.<\/p>\n<p>Ser\u00e1 realizada no dia 30 de setembro a Corrida Virtual abra\u00e7ando a campanha Setembro Amarelo de preven\u00e7\u00e3o ao suic\u00eddio e a depress\u00e3o.<\/p>\n<p>Com previs\u00e3o para janeiro de 2021, a Superliga B de v\u00f4lei masculina ter\u00e1 a presen\u00e7a do JF V\u00f4lei, com equipe toda reformulada.<\/p>\n<p>Mudan\u00e7a: chegou a vez do mel e das abelhas brasileiras na gastronomia nacional. Os melhores melados s\u00e3o encontrados no Mercado Bernardo Mascarenhas.<\/p>\n<p>Para concluir: N\u00e3o nasci pra ir atr\u00e1s de ningu\u00e9m! Nasci pra andar de lado de m\u00e3os dadas. E se vacilar, eu ando na frente, pois o que n\u00e3o me leva adiante, eu deixo pra tr\u00e1s. Bom dia.<\/p>\n<p><img loading=\"lazy\" decoding=\"async\" class=\"aligncenter size-full wp-image-169566\" src=\"https:\/\/diarioregionaldigital.com.br\/wp-content\/uploads\/2020\/09\/anuncio74-scaled.jpg\" alt=\"\" width=\"2560\" height=\"921\" srcset=\"https:\/\/diarioregionaldigital.com.br\/wp-content\/uploads\/2020\/09\/anuncio74-scaled.jpg 2560w, https:\/\/diarioregionaldigital.com.br\/wp-content\/uploads\/2020\/09\/anuncio74-300x108.jpg 300w, https:\/\/diarioregionaldigital.com.br\/wp-content\/uploads\/2020\/09\/anuncio74-1024x368.jpg 1024w, https:\/\/diarioregionaldigital.com.br\/wp-content\/uploads\/2020\/09\/anuncio74-768x276.jpg 768w, https:\/\/diarioregionaldigital.com.br\/wp-content\/uploads\/2020\/09\/anuncio74-1536x553.jpg 1536w, https:\/\/diarioregionaldigital.com.br\/wp-content\/uploads\/2020\/09\/anuncio74-2048x737.jpg 2048w, https:\/\/diarioregionaldigital.com.br\/wp-content\/uploads\/2020\/09\/anuncio74-360x130.jpg 360w\" sizes=\"auto, (max-width: 2560px) 100vw, 2560px\" \/><\/p>\n","protected":false},"excerpt":{"rendered":"<p>Semin\u00e1rio Foi coroado de sucesso o V Semin\u00e1rio Mem\u00f3rias Nostalgias e Imaginarios, realizado pelo grupo de pesquisa Comunica\u00e7\u00e3o Cidade e Mem\u00f3ria (Comcime) da faculdade de Comunica\u00e7\u00e3o da UFJF. Realizado on-line devido \u00e0 pandemia do novo Coronav\u00edrus, promoveu palestras com pesquisadores brasileiros e do exterior por meio do aplicativo Zoom. Automobilismo A cada nova temporada, a [&hellip;]<\/p>\n","protected":false},"author":96,"featured_media":169550,"comment_status":"closed","ping_status":"closed","sticky":false,"template":"","format":"standard","meta":{"footnotes":""},"categories":[264],"tags":[],"class_list":["post-169565","post","type-post","status-publish","format-standard","has-post-thumbnail","hentry","category-eduardo-gomes"],"_links":{"self":[{"href":"https:\/\/diarioregionaldigital.com.br\/index.php?rest_route=\/wp\/v2\/posts\/169565","targetHints":{"allow":["GET"]}}],"collection":[{"href":"https:\/\/diarioregionaldigital.com.br\/index.php?rest_route=\/wp\/v2\/posts"}],"about":[{"href":"https:\/\/diarioregionaldigital.com.br\/index.php?rest_route=\/wp\/v2\/types\/post"}],"author":[{"embeddable":true,"href":"https:\/\/diarioregionaldigital.com.br\/index.php?rest_route=\/wp\/v2\/users\/96"}],"replies":[{"embeddable":true,"href":"https:\/\/diarioregionaldigital.com.br\/index.php?rest_route=%2Fwp%2Fv2%2Fcomments&post=169565"}],"version-history":[{"count":0,"href":"https:\/\/diarioregionaldigital.com.br\/index.php?rest_route=\/wp\/v2\/posts\/169565\/revisions"}],"wp:featuredmedia":[{"embeddable":true,"href":"https:\/\/diarioregionaldigital.com.br\/index.php?rest_route=\/wp\/v2\/media\/169550"}],"wp:attachment":[{"href":"https:\/\/diarioregionaldigital.com.br\/index.php?rest_route=%2Fwp%2Fv2%2Fmedia&parent=169565"}],"wp:term":[{"taxonomy":"category","embeddable":true,"href":"https:\/\/diarioregionaldigital.com.br\/index.php?rest_route=%2Fwp%2Fv2%2Fcategories&post=169565"},{"taxonomy":"post_tag","embeddable":true,"href":"https:\/\/diarioregionaldigital.com.br\/index.php?rest_route=%2Fwp%2Fv2%2Ftags&post=169565"}],"curies":[{"name":"wp","href":"https:\/\/api.w.org\/{rel}","templated":true}]}}