{"id":169563,"date":"2020-09-23T20:50:12","date_gmt":"2020-09-23T23:50:12","guid":{"rendered":"https:\/\/diarioregionaldigital.com.br\/?p=169563"},"modified":"2020-09-23T20:50:12","modified_gmt":"2020-09-23T23:50:12","slug":"casos-semanais-de-covid-19-voltam-a-subir-no-brasil","status":"publish","type":"post","link":"https:\/\/diarioregionaldigital.com.br\/?p=169563","title":{"rendered":"Casos semanais de covid-19 voltam a subir no Brasil"},"content":{"rendered":"<p>Na \u00faltima semana epidemiol\u00f3gica, os n\u00fameros de casos e mortes voltaram a subir ap\u00f3s queda acentuada na semana anterior. Os registros de diagn\u00f3sticos positivos para covid-19 aumentaram 10% e as notifica\u00e7\u00f5es de \u00f3bitos pela doen\u00e7a tiveram um incremento de 6%.<img decoding=\"async\" src=\"https:\/\/agenciabrasil.ebc.com.br\/ebc.png?id=1388759&amp;o=node\" \/><img decoding=\"async\" src=\"https:\/\/agenciabrasil.ebc.com.br\/ebc.gif?id=1388759&amp;o=node\" \/><\/p>\n<p>Os dados est\u00e3o no Boletim Epidemiol\u00f3gico desta semana apresentado em entrevista coletiva do Minist\u00e9rio da Sa\u00fade\u00a0hoje\u00a0(23). A an\u00e1lise considera a Semana Epidemiol\u00f3gica (SE) 38, referente ao per\u00edodo do dia 13 ao dia 19 deste m\u00eas. O indicador da SE \u00e9 empregado por autoridades de sa\u00fade para medir a evolu\u00e7\u00e3o de pandemias, como a do coronav\u00edrus.<\/p>\n<p>Segundo os dados do Minist\u00e9rio da Sa\u00fade, a soma de casos na SE 38 foi de 212.553, contra 192.687 na semana epidemiol\u00f3gica anterior. A curva havia iniciado um movimento de queda na SE 30; h\u00e1 dois meses, teve um incremento entre as SEs 35 e 36 e havia sofrido uma queda grande entre as SEs 36 e 37, at\u00e9\u00a0ter\u00a0essa revers\u00e3o da tend\u00eancia.<\/p>\n<p>O secret\u00e1rio de Vigil\u00e2ncia em Sa\u00fade do Minist\u00e9rio da Sa\u00fade, Arnaldo de Medeiros, trouxe pela primeira vez um comparativo de duas semanas (per\u00edodo utilizado por autoridades de sa\u00fade por ser o tempo de manifesta\u00e7\u00e3o do coronav\u00edrus), destacando que apesar da alta registrada na \u00faltima semana, se considerado este intervalo, houve baixa.<\/p>\n<p>\u201cVerificamos que houve aumento na \u00faltima semana. Mas quando olhamos o per\u00edodo que usamos de par\u00e2metro como de 14 dias consecutivos temos redu\u00e7\u00e3o de 23% de novos casos\u201d, ponderou o secret\u00e1rio.<\/p>\n<p>A mudan\u00e7a na trajet\u00f3ria da curva se deu em todas as regi\u00f5es do pa\u00eds, sendo maior no Centro-Oeste (16%), Sul (12%) e Nordeste (11%).<\/p>\n<p><img decoding=\"async\" src=\"https:\/\/imagens.ebc.com.br\/ZzfvIpai_DqIDHyaE2OBRVmIGfA=\/754x0\/smart\/https:\/\/agenciabrasil.ebc.com.br\/sites\/default\/files\/thumbnails\/image\/slide_11_0.jpg?itok=UH7PFXpI\" alt=\"Evolu\u00e7\u00e3o do n\u00famero de novos registros de casos de covid-19 por SE. Brasil, SE 38.\" \/><\/p>\n<p>A revers\u00e3o no movimento de queda tamb\u00e9m ocorreu na curva de mortes. Na \u00faltima semana epidemiol\u00f3gica, foram registrados 5.322 \u00f3bitos, contra 5.007 na anterior. A curva estava em um plat\u00f4 desde a SE 23, em maio. Passou a apresentar uma redu\u00e7\u00e3o leve a partir da SE 30, consolidando a tend\u00eancia na SE 34.<\/p>\n<p>Medeiros comentou que o minist\u00e9rio est\u00e1 avaliando, mas que na mudan\u00e7a das curvas, o aumento de testes e outros fatores podem\u00a0ter\u00a0influenciado. \u201cEstamos testando muito mais no Brasil do que no passado. Quando isso ocorre, tem muito mais chances de identificar casos novos. Nas \u00faltimas semanas, tem havido finaliza\u00e7\u00e3o de an\u00e1lise de \u00f3bitos que n\u00e3o estavam conclusas\u201d, pontuou.<\/p>\n<p>Na distribui\u00e7\u00e3o por estados, o aumento nos casos se deu, sobretudo, na Regi\u00e3o Norte (40%). Tamb\u00e9m houve incremento no Sudeste (10%) e Sul (6%). J\u00e1 no Nordeste (-5%) e Centro-Oeste (-2%) houve leve diminui\u00e7\u00e3o.<\/p>\n<div class=\"dnd-widget-wrapper context-cheio_8colunas type-image\">\n<div class=\"dnd-atom-rendered\">\n<div class=\"shadow overflow-hidden rounded-lg d-block zoom-on-hover-sm shadow-hover w-100\"><img decoding=\"async\" class=\"flex-fill img-cover\" title=\"Minist\u00e9rio da Sa\u00fade\" src=\"https:\/\/imagens.ebc.com.br\/WPxKboXN29_7IcrQZChtouVGb_M=\/754x0\/smart\/https:\/\/agenciabrasil.ebc.com.br\/sites\/default\/files\/thumbnails\/image\/slide_13_0.jpg?itok=t23lL5JA\" alt=\"Evolu\u00e7\u00e3o do n\u00famero de novos registros de \u00f3bitos de covid-19 por SE. Brasil, SE .\" \/><\/div>\n<\/div>\n<\/div>\n<p><strong>Situa\u00e7\u00e3o internacional<\/strong><\/p>\n<p>Na situa\u00e7\u00e3o mundial, at\u00e9 o momento, foram registrados 31.3745.325 casos e 966.399 \u00f3bitos desde o in\u00edcio da pandemia. Os Estados Unidos t\u00eam 6,8 milh\u00f5es de casos, \u00cdndia com 5,6 milh\u00f5es e Brasil com 4,5 milh\u00f5es.<\/p>\n<p>Em n\u00famero de mortes, os EUA lideram com 198.793 e o Brasil vem na 2\u00aa posi\u00e7\u00e3o, com 137,2 mil casos.<\/p>\n<p>Quando olha-se a situa\u00e7\u00e3o de casos por 1 milh\u00e3o de habitantes, situa\u00e7\u00e3o mundial \u00e9 de 4.019 casos e 123,8 mortes. No coeficiente de incid\u00eancia (casos por 1 milh\u00e3o de habitantes) o Brasil est\u00e1 na 11\u00aa posi\u00e7\u00e3o, enquanto na taxa de mortalidade (falecimentos por 1 milh\u00e3o de habitantes) o Brasil fica na 7\u00aa coloca\u00e7\u00e3o.<\/p>\n<p><strong>SRAG<\/strong><\/p>\n<p>At\u00e9 a SE 38, foram registrados 388.091 casos de covid-19 com S\u00edndrome Respirat\u00f3ria Aguda Grave. Outros 84.474 ainda est\u00e3o em investiga\u00e7\u00e3o. J\u00e1 os \u00f3bitos por covid-19 e SRAG somaram 133.092, com 2.433 em investiga\u00e7\u00e3o.<\/p>\n<p><strong>Cons\u00f3rcio Covax<\/strong><\/p>\n<p>Na entrevista online, o secret\u00e1rio de Ci\u00eancia, Tecnologia, Inova\u00e7\u00e3o e Insumos Estrat\u00e9gicos do Minist\u00e9rio da Sa\u00fade, H\u00e9lio Angotti Neto, confirmou que o governo federal tem a inten\u00e7\u00e3o de aderir \u00e0 Covax Facility, um grupo de v\u00e1rios pa\u00edses que tem como objetivo acelerar o desenvolvimento de vacinas e proporcionar mundialmente o acesso equitativo destas solu\u00e7\u00f5es.<\/p>\n<p>\u201cA Covax re\u00fane diversas propostas de desenvolvimento de vacina, atuando com princ\u00edpios como seguran\u00e7a, efic\u00e1cia, log\u00edstica. No caso do Brasil, trabalhamos com crit\u00e9rios como ser vi\u00e1vel levar \u00e0 popula\u00e7\u00e3o\u201d, explicou Neto.<\/p>\n<p>Apesar do nome parecido, a Covax n\u00e3o se confunde com a Covaxx, subsidi\u00e1ria da empresa de biotecnologia norte-americana United Biomedical Inc, que firmou parceria com o laborat\u00f3rio nacional Dasa para testar mais uma alternativa de vacina contra o coronav\u00edrus.<\/p>\n<p><strong>Sa\u00fade mental<\/strong><\/p>\n<p>Angotti Neto informou que o governo pretende disponibilizar recursos aos munic\u00edpios para refor\u00e7ar a aquisi\u00e7\u00e3o de medicamentos para enfrentamento a problemas de sa\u00fade mental.\u00a0\u00a0Segundo ele, a inten\u00e7\u00e3o \u00e9 fortalecer o poder de compra das prefeituras diante das repercuss\u00f5es da pandemia no bem-estar mental da popula\u00e7\u00e3o.<\/p>\n<p><strong>Fonte:\u00a0<\/strong>Ag\u00eancia Brasil<\/p>\n","protected":false},"excerpt":{"rendered":"<p>Na \u00faltima semana epidemiol\u00f3gica, os n\u00fameros de casos e mortes voltaram a subir ap\u00f3s queda acentuada na semana anterior. Os registros de diagn\u00f3sticos positivos para covid-19 aumentaram 10% e as notifica\u00e7\u00f5es de \u00f3bitos pela doen\u00e7a tiveram um incremento de 6%. Os dados est\u00e3o no Boletim Epidemiol\u00f3gico desta semana apresentado em entrevista coletiva do Minist\u00e9rio da [&hellip;]<\/p>\n","protected":false},"author":96,"featured_media":167844,"comment_status":"closed","ping_status":"closed","sticky":false,"template":"","format":"standard","meta":{"footnotes":""},"categories":[302,436,439],"tags":[],"class_list":["post-169563","post","type-post","status-publish","format-standard","has-post-thumbnail","hentry","category-brasil-mundo","category-destaque-da-semana","category-ultima-hora"],"_links":{"self":[{"href":"https:\/\/diarioregionaldigital.com.br\/index.php?rest_route=\/wp\/v2\/posts\/169563","targetHints":{"allow":["GET"]}}],"collection":[{"href":"https:\/\/diarioregionaldigital.com.br\/index.php?rest_route=\/wp\/v2\/posts"}],"about":[{"href":"https:\/\/diarioregionaldigital.com.br\/index.php?rest_route=\/wp\/v2\/types\/post"}],"author":[{"embeddable":true,"href":"https:\/\/diarioregionaldigital.com.br\/index.php?rest_route=\/wp\/v2\/users\/96"}],"replies":[{"embeddable":true,"href":"https:\/\/diarioregionaldigital.com.br\/index.php?rest_route=%2Fwp%2Fv2%2Fcomments&post=169563"}],"version-history":[{"count":0,"href":"https:\/\/diarioregionaldigital.com.br\/index.php?rest_route=\/wp\/v2\/posts\/169563\/revisions"}],"wp:featuredmedia":[{"embeddable":true,"href":"https:\/\/diarioregionaldigital.com.br\/index.php?rest_route=\/wp\/v2\/media\/167844"}],"wp:attachment":[{"href":"https:\/\/diarioregionaldigital.com.br\/index.php?rest_route=%2Fwp%2Fv2%2Fmedia&parent=169563"}],"wp:term":[{"taxonomy":"category","embeddable":true,"href":"https:\/\/diarioregionaldigital.com.br\/index.php?rest_route=%2Fwp%2Fv2%2Fcategories&post=169563"},{"taxonomy":"post_tag","embeddable":true,"href":"https:\/\/diarioregionaldigital.com.br\/index.php?rest_route=%2Fwp%2Fv2%2Ftags&post=169563"}],"curies":[{"name":"wp","href":"https:\/\/api.w.org\/{rel}","templated":true}]}}