{"id":169528,"date":"2020-09-23T17:15:39","date_gmt":"2020-09-23T20:15:39","guid":{"rendered":"https:\/\/diarioregionaldigital.com.br\/?p=169528"},"modified":"2020-09-23T17:15:39","modified_gmt":"2020-09-23T20:15:39","slug":"prefeitura-programa-asfaltamento-em-mais-de-50-ruas-ate-o-final-do-ano","status":"publish","type":"post","link":"https:\/\/diarioregionaldigital.com.br\/?p=169528","title":{"rendered":"Prefeitura programa asfaltamento em mais de 50 ruas at\u00e9 o final do ano"},"content":{"rendered":"<p>A Empresa Municipal de Pavimenta\u00e7\u00e3o e Urbaniza\u00e7\u00e3o (Empav) da Prefeitura de Juiz de Fora (PJF) est\u00e1 asfaltando a Rua Florida, no Bairro Filgueiras, regi\u00e3o nordeste da cidade. Essa \u00e9 antiga reivindica\u00e7\u00e3o da comunidade, pois o pavimento do local \u00e9 de terra, ainda de quando foi feito o Loteamento Terras do Comendador. \u201cNo pr\u00f3ximo m\u00eas vamos asfaltar v\u00e1rias ruas, priorizando as que ainda s\u00e3o de terra. S\u00e3o cerca de 40, para executar at\u00e9 o final do ano, e optamos por atender, primeiro, as de terra ou cal\u00e7amento, por conta do per\u00edodo chuvoso\u201d, explicou o diretor-presidente da Empav, Jos\u00e9 Walter \u00c1vila. Na \u00faltima semana, a empresa finalizou o asfaltamento da Rua Alzira Maria da Silveira Gon\u00e7alves, no Bairro Cidade Nova, regi\u00e3o sul.<\/p>\n<p>Paralelo a isso, a PJF est\u00e1 fazendo o recapeamento asf\u00e1ltico de parte da Rua Goi\u00e1s, no Bairro S\u00e3o Benedito. As ruas Arax\u00e1 e Agilberto Costa ser\u00e3o contempladas com novo asfalto. Outras dez ruas, de dois bairros e do Centro, tamb\u00e9m ser\u00e3o atendidas at\u00e9 o final do ano.<\/p>\n<p>S\u00e3o duas frentes de trabalho que t\u00eam realizado asfaltamento com recursos do programa de Financiamento para Infraestrutura e Saneamento (Finisa), para dar mais agilidade aos trabalhos, antes que o per\u00edodo chuvoso, que geralmente come\u00e7a no m\u00eas de novembro, chegue e diminua o ritmo das a\u00e7\u00f5es, j\u00e1 que n\u00e3o \u00e9 poss\u00edvel realizar obras de asfaltamento em dias de chuva. Desde novembro de 2019, quando os trabalhos foram iniciados, at\u00e9 agora, 46 ruas de 27 bairros de todas as regi\u00f5es da cidade j\u00e1 foram beneficiadas.<\/p>\n<p><strong>Fonte:\u00a0<\/strong>Assessoria<\/p>\n","protected":false},"excerpt":{"rendered":"<p>A Empresa Municipal de Pavimenta\u00e7\u00e3o e Urbaniza\u00e7\u00e3o (Empav) da Prefeitura de Juiz de Fora (PJF) est\u00e1 asfaltando a Rua Florida, no Bairro Filgueiras, regi\u00e3o nordeste da cidade. Essa \u00e9 antiga reivindica\u00e7\u00e3o da comunidade, pois o pavimento do local \u00e9 de terra, ainda de quando foi feito o Loteamento Terras do Comendador. \u201cNo pr\u00f3ximo m\u00eas vamos [&hellip;]<\/p>\n","protected":false},"author":96,"featured_media":88641,"comment_status":"closed","ping_status":"closed","sticky":false,"template":"","format":"standard","meta":{"footnotes":""},"categories":[253,436,439],"tags":[],"class_list":["post-169528","post","type-post","status-publish","format-standard","has-post-thumbnail","hentry","category-cidade","category-destaque-da-semana","category-ultima-hora"],"_links":{"self":[{"href":"https:\/\/diarioregionaldigital.com.br\/index.php?rest_route=\/wp\/v2\/posts\/169528","targetHints":{"allow":["GET"]}}],"collection":[{"href":"https:\/\/diarioregionaldigital.com.br\/index.php?rest_route=\/wp\/v2\/posts"}],"about":[{"href":"https:\/\/diarioregionaldigital.com.br\/index.php?rest_route=\/wp\/v2\/types\/post"}],"author":[{"embeddable":true,"href":"https:\/\/diarioregionaldigital.com.br\/index.php?rest_route=\/wp\/v2\/users\/96"}],"replies":[{"embeddable":true,"href":"https:\/\/diarioregionaldigital.com.br\/index.php?rest_route=%2Fwp%2Fv2%2Fcomments&post=169528"}],"version-history":[{"count":0,"href":"https:\/\/diarioregionaldigital.com.br\/index.php?rest_route=\/wp\/v2\/posts\/169528\/revisions"}],"wp:featuredmedia":[{"embeddable":true,"href":"https:\/\/diarioregionaldigital.com.br\/index.php?rest_route=\/wp\/v2\/media\/88641"}],"wp:attachment":[{"href":"https:\/\/diarioregionaldigital.com.br\/index.php?rest_route=%2Fwp%2Fv2%2Fmedia&parent=169528"}],"wp:term":[{"taxonomy":"category","embeddable":true,"href":"https:\/\/diarioregionaldigital.com.br\/index.php?rest_route=%2Fwp%2Fv2%2Fcategories&post=169528"},{"taxonomy":"post_tag","embeddable":true,"href":"https:\/\/diarioregionaldigital.com.br\/index.php?rest_route=%2Fwp%2Fv2%2Ftags&post=169528"}],"curies":[{"name":"wp","href":"https:\/\/api.w.org\/{rel}","templated":true}]}}