{"id":169525,"date":"2020-09-23T17:10:16","date_gmt":"2020-09-23T20:10:16","guid":{"rendered":"https:\/\/diarioregionaldigital.com.br\/?p=169525"},"modified":"2020-09-23T17:10:16","modified_gmt":"2020-09-23T20:10:16","slug":"projeto-faca-voce-mesmo-do-museu-ensina-a-produzir-brinquedos","status":"publish","type":"post","link":"https:\/\/diarioregionaldigital.com.br\/?p=169525","title":{"rendered":"Projeto \u201cFa\u00e7a Voc\u00ea Mesmo\u201d do Museu ensina a produzir brinquedos"},"content":{"rendered":"<p>O projeto \u201cFa\u00e7a Voc\u00ea Mesmo\u201d \u00e9 atividade desenvolvida pela equipe do Museu \u201cMariano Proc\u00f3pio\u201d para a 14\u00aa edi\u00e7\u00e3o da \u201cPrimavera dos Museus\u201d. A iniciativa conta com a colabora\u00e7\u00e3o de ex e atuais estagi\u00e1rios da institui\u00e7\u00e3o. Nos v\u00eddeos a serem divulgados nas redes sociais, n\u00e3o apenas crian\u00e7as, mas o p\u00fablico que tiver interesse no conte\u00fado, poder\u00e1 aprender de maneira simples a confeccionar brinquedos com materiais de f\u00e1cil acesso e que a maioria das pessoas tem em casa.<\/p>\n<p>Danielle Menezes, bacharel em artes, e ex estagi\u00e1ria do Museu, ensinar\u00e1 o p\u00fablico a confeccionar avi\u00e3o de brinquedo, feito com papel\u00e3o, utilizando canetinhas, cola, tesoura e el\u00e1stico, dentre outros itens. O projeto tem in\u00edcio nesta quarta-feira, 23, durante a programa\u00e7\u00e3o da semana cultural. Contudo, ser\u00e1 realizado em outras edi\u00e7\u00f5es, com s\u00e9rie de v\u00eddeos a serem exibidos at\u00e9 novembro.<\/p>\n<p><strong>Fonte:\u00a0<\/strong>Assessoria<\/p>\n","protected":false},"excerpt":{"rendered":"<p>O projeto \u201cFa\u00e7a Voc\u00ea Mesmo\u201d \u00e9 atividade desenvolvida pela equipe do Museu \u201cMariano Proc\u00f3pio\u201d para a 14\u00aa edi\u00e7\u00e3o da \u201cPrimavera dos Museus\u201d. A iniciativa conta com a colabora\u00e7\u00e3o de ex e atuais estagi\u00e1rios da institui\u00e7\u00e3o. Nos v\u00eddeos a serem divulgados nas redes sociais, n\u00e3o apenas crian\u00e7as, mas o p\u00fablico que tiver interesse no conte\u00fado, poder\u00e1 [&hellip;]<\/p>\n","protected":false},"author":96,"featured_media":169526,"comment_status":"closed","ping_status":"closed","sticky":false,"template":"","format":"standard","meta":{"footnotes":""},"categories":[256,436,439],"tags":[],"class_list":["post-169525","post","type-post","status-publish","format-standard","has-post-thumbnail","hentry","category-cultura","category-destaque-da-semana","category-ultima-hora"],"_links":{"self":[{"href":"https:\/\/diarioregionaldigital.com.br\/index.php?rest_route=\/wp\/v2\/posts\/169525","targetHints":{"allow":["GET"]}}],"collection":[{"href":"https:\/\/diarioregionaldigital.com.br\/index.php?rest_route=\/wp\/v2\/posts"}],"about":[{"href":"https:\/\/diarioregionaldigital.com.br\/index.php?rest_route=\/wp\/v2\/types\/post"}],"author":[{"embeddable":true,"href":"https:\/\/diarioregionaldigital.com.br\/index.php?rest_route=\/wp\/v2\/users\/96"}],"replies":[{"embeddable":true,"href":"https:\/\/diarioregionaldigital.com.br\/index.php?rest_route=%2Fwp%2Fv2%2Fcomments&post=169525"}],"version-history":[{"count":0,"href":"https:\/\/diarioregionaldigital.com.br\/index.php?rest_route=\/wp\/v2\/posts\/169525\/revisions"}],"wp:featuredmedia":[{"embeddable":true,"href":"https:\/\/diarioregionaldigital.com.br\/index.php?rest_route=\/wp\/v2\/media\/169526"}],"wp:attachment":[{"href":"https:\/\/diarioregionaldigital.com.br\/index.php?rest_route=%2Fwp%2Fv2%2Fmedia&parent=169525"}],"wp:term":[{"taxonomy":"category","embeddable":true,"href":"https:\/\/diarioregionaldigital.com.br\/index.php?rest_route=%2Fwp%2Fv2%2Fcategories&post=169525"},{"taxonomy":"post_tag","embeddable":true,"href":"https:\/\/diarioregionaldigital.com.br\/index.php?rest_route=%2Fwp%2Fv2%2Ftags&post=169525"}],"curies":[{"name":"wp","href":"https:\/\/api.w.org\/{rel}","templated":true}]}}