{"id":169522,"date":"2020-09-23T17:08:47","date_gmt":"2020-09-23T20:08:47","guid":{"rendered":"https:\/\/diarioregionaldigital.com.br\/?p=169522"},"modified":"2020-09-23T17:08:47","modified_gmt":"2020-09-23T20:08:47","slug":"museu-promove-live-tour-ao-castelinho-da-familia-ferreira-lage","status":"publish","type":"post","link":"https:\/\/diarioregionaldigital.com.br\/?p=169522","title":{"rendered":"Museu promove \u201clive tour\u201d ao castelinho da fam\u00edlia Ferreira Lage"},"content":{"rendered":"<p>Embora com a pandemia o Museu &#8220;Mariano Proc\u00f3pio&#8221; n\u00e3o esteja aberto a visitas presenciais, nesta quinta-feira, 24, \u00e0s 10h30, a institui\u00e7\u00e3o promover\u00e1 passeio virtual pelo castelinho da fam\u00edlia Ferreira Lage. A &#8220;Villa&#8221;, como tamb\u00e9m \u00e9 conhecida a edifica\u00e7\u00e3o hist\u00f3rica, que recebeu o Imperador Dom Pedro II (1825-1891) algumas vezes, voltou a receber o p\u00fablico no ano passado. Contudo, as atividades foram suspensas em mar\u00e7o deste ano, em fun\u00e7\u00e3o da covid-19. Para apresentar o espa\u00e7o e abordar os aspectos da resid\u00eancia e o restauro realizado, a equipe do Departamento de Acervo T\u00e9cnico e A\u00e7\u00f5es Culturais (Daetc) realizar\u00e1 &#8220;live tour&#8221; atrav\u00e9s do instagram do Museu (@museumarianoprocopio). A iniciativa faz parte da programa\u00e7\u00e3o da \u201c14\u00aa Primavera dos Museus&#8221;, que tem como tema \u201cMundo Digital: Museus em Transforma\u00e7\u00e3o\u201d.<\/p>\n<p>O pr\u00e9dio hist\u00f3rico, de 1861, faz parte do conjunto arquitet\u00f4nico que comp\u00f5e a Funda\u00e7\u00e3o Museu \u201cMariano Proc\u00f3pio\u201d. A edifica\u00e7\u00e3o passou por recente restauro, que garantiu aproximadamente 80% da obra. Foram feitas a restaura\u00e7\u00e3o de todo o piso de madeira, rodap\u00e9s, forros, sancas com douramento de frisos e flor\u00f5es; reintegra\u00e7\u00e3o crom\u00e1tica das paredes do torre\u00e3o e da \u201cSala 1\u201d; recupera\u00e7\u00e3o da boiserie (revestimento de madeira) e dos ornatos da \u201cSala de M\u00fasica\u201d; recomposi\u00e7\u00e3o do papel de parede da \u201cSala de Visita\u201d, com reprodu\u00e7\u00e3o art\u00edstica manual das \u00e1reas faltantes; al\u00e9m da \u201cSala de Jantar\u201d, com reintegra\u00e7\u00e3o crom\u00e1tica da pintura imitativa de madeira e das sobrevergas dos v\u00e3os internos; recupera\u00e7\u00e3o das tubula\u00e7\u00f5es de capta\u00e7\u00e3o de \u00e1guas pluviais; e restaura\u00e7\u00e3o da escadaria de madeira. O p\u00fablico ainda ver\u00e1 alguns itens do acervo de mobili\u00e1rio presentes em alguns c\u00f4modos da casa.<\/p>\n<p><strong>Fonte:\u00a0<\/strong>Assessoria<\/p>\n","protected":false},"excerpt":{"rendered":"<p>Embora com a pandemia o Museu &#8220;Mariano Proc\u00f3pio&#8221; n\u00e3o esteja aberto a visitas presenciais, nesta quinta-feira, 24, \u00e0s 10h30, a institui\u00e7\u00e3o promover\u00e1 passeio virtual pelo castelinho da fam\u00edlia Ferreira Lage. A &#8220;Villa&#8221;, como tamb\u00e9m \u00e9 conhecida a edifica\u00e7\u00e3o hist\u00f3rica, que recebeu o Imperador Dom Pedro II (1825-1891) algumas vezes, voltou a receber o p\u00fablico no [&hellip;]<\/p>\n","protected":false},"author":96,"featured_media":169523,"comment_status":"closed","ping_status":"closed","sticky":false,"template":"","format":"standard","meta":{"footnotes":""},"categories":[256,436,439],"tags":[],"class_list":["post-169522","post","type-post","status-publish","format-standard","has-post-thumbnail","hentry","category-cultura","category-destaque-da-semana","category-ultima-hora"],"_links":{"self":[{"href":"https:\/\/diarioregionaldigital.com.br\/index.php?rest_route=\/wp\/v2\/posts\/169522","targetHints":{"allow":["GET"]}}],"collection":[{"href":"https:\/\/diarioregionaldigital.com.br\/index.php?rest_route=\/wp\/v2\/posts"}],"about":[{"href":"https:\/\/diarioregionaldigital.com.br\/index.php?rest_route=\/wp\/v2\/types\/post"}],"author":[{"embeddable":true,"href":"https:\/\/diarioregionaldigital.com.br\/index.php?rest_route=\/wp\/v2\/users\/96"}],"replies":[{"embeddable":true,"href":"https:\/\/diarioregionaldigital.com.br\/index.php?rest_route=%2Fwp%2Fv2%2Fcomments&post=169522"}],"version-history":[{"count":0,"href":"https:\/\/diarioregionaldigital.com.br\/index.php?rest_route=\/wp\/v2\/posts\/169522\/revisions"}],"wp:featuredmedia":[{"embeddable":true,"href":"https:\/\/diarioregionaldigital.com.br\/index.php?rest_route=\/wp\/v2\/media\/169523"}],"wp:attachment":[{"href":"https:\/\/diarioregionaldigital.com.br\/index.php?rest_route=%2Fwp%2Fv2%2Fmedia&parent=169522"}],"wp:term":[{"taxonomy":"category","embeddable":true,"href":"https:\/\/diarioregionaldigital.com.br\/index.php?rest_route=%2Fwp%2Fv2%2Fcategories&post=169522"},{"taxonomy":"post_tag","embeddable":true,"href":"https:\/\/diarioregionaldigital.com.br\/index.php?rest_route=%2Fwp%2Fv2%2Ftags&post=169522"}],"curies":[{"name":"wp","href":"https:\/\/api.w.org\/{rel}","templated":true}]}}