{"id":169517,"date":"2020-09-23T17:05:19","date_gmt":"2020-09-23T20:05:19","guid":{"rendered":"https:\/\/diarioregionaldigital.com.br\/?p=169517"},"modified":"2020-09-23T17:05:19","modified_gmt":"2020-09-23T20:05:19","slug":"funcionarios-dos-correios-retomam-atividades-apos-tst-determinar-fim-da-greve-nacional","status":"publish","type":"post","link":"https:\/\/diarioregionaldigital.com.br\/?p=169517","title":{"rendered":"Funcion\u00e1rios dos Correios retomam atividades, ap\u00f3s TST determinar fim da greve nacional"},"content":{"rendered":"<p><span style=\"font-weight: 400;\">Depois de 35 dias de paralisa\u00e7\u00e3o, os funcion\u00e1rios dos Correios da Zona da Mata e Campo das Vertentes, retomaram suas atividades, ap\u00f3s o Tribunal Superior do Trabalho (TST), determinar o fim da greve nacional. A informa\u00e7\u00e3o foi confirmada pelo Sindicato dos Trabalhadores nos Correios em Juiz de Fora (Sintect\/JFA).<\/span><\/p>\n<p><span style=\"font-weight: 400;\">Na ter\u00e7a-feira (22), houve uma reuni\u00e3o organizada pelo Tribunal e os ministros da Se\u00e7\u00e3o de Diss\u00eddios Coletivos consideraram que a greve, iniciada no dia 17 de agosto, n\u00e3o foi abusiva. Entretanto, foi determinado tamb\u00e9m o desconto referente a metade dos dias parados e o resto ser\u00e1 compensado. Al\u00e9m disso, foi decidido tamb\u00e9m que apenas 20 cl\u00e1usulas previstas no acordo anterior, ser\u00e3o mantidas. O TST aprovou tamb\u00e9m o reajuste de 2,6% para os trabalhadores.<\/span><\/p>\n<p><span style=\"font-weight: 400;\">O Correios informa que \u201ca empresa agora empreender\u00e1 todos os esfor\u00e7os para recompor os \u00edndices de efici\u00eancia dos produtos e servi\u00e7os, considerados essenciais, nesse momento em que a popula\u00e7\u00e3o brasileira mais precisa\u201d.<\/span><\/p>\n<p><b>In\u00edcio da paralisa\u00e7\u00e3o<\/b><\/p>\n<p><span style=\"font-weight: 400;\">No dia 18 do \u00faltimo m\u00eas, cerca de 70% dos funcion\u00e1rios os Correios em Juiz de Fora, Ub\u00e1, Muria\u00e9, Barbacena, S\u00e3o Jo\u00e3o del Rei, Leopoldina, Cataguases e de outras 120 cidades da Zona da Mata e Vertentes, paralisaram suas atividades e aderiram \u00e0 greve nacional.<\/span><\/p>\n<p><span style=\"font-weight: 400;\">A categoria protestou contra a retirada de 70 cl\u00e1usulas com direitos como 30% do adicional de risco, vale alimenta\u00e7\u00e3o, licen\u00e7a maternidade de 180 dias, aux\u00edlio creche, indeniza\u00e7\u00e3o de morte, aux\u00edlio creche, indeniza\u00e7\u00e3o de morte, aux\u00edlio para filhos com necessidades especiais, em uma atitude desumana impedindo tratamentos diferenciados e que garantem melhor qualidade de vida, pagamento de adicional noturno e horas extras.\u00a0\u00a0<\/span><\/p>\n<p><b>Comunicado oficial da empresa<\/b><\/p>\n<p><i><span style=\"font-weight: 400;\">\u201cNessa ter\u00e7a-feira (22), a maior parte dos empregados dos Correios que havia aderido \u00e0 paralisa\u00e7\u00e3o parcial retornou ao trabalho. Segundo sistema de monitoramento da empresa, 92,7% dos empregados dos Correios trabalharam normalmente.\u00a0<\/span><\/i><\/p>\n<p><i><span style=\"font-weight: 400;\">Os Correios seguem executando o plano de continuidade do neg\u00f3cio, com a realiza\u00e7\u00e3o de mutir\u00f5es de entrega, inclusive em fins de semana e feriados, com o objetivo de reduzir os efeitos da paralisa\u00e7\u00e3o parcial dos empregados \u00e0 popula\u00e7\u00e3o. A empresa agora empreender\u00e1 todos os esfor\u00e7os para recompor os \u00edndices de efici\u00eancia dos produtos e servi\u00e7os, considerados essenciais, nesse momento em que a popula\u00e7\u00e3o brasileira mais precisa. A empresa n\u00e3o fornece dados segmentados da opera\u00e7\u00e3o porque essas informa\u00e7\u00f5es variam constantemente.<\/span><\/i><\/p>\n<p><i><span style=\"font-weight: 400;\">A rede de atendimento permanece aberta e os servi\u00e7os, inclusive o SEDEX e o PAC, continuam dispon\u00edveis. As postagens com hora marcada permanecem temporariamente suspensas \u2013 medida em vigor desde o an\u00fancio da pandemia.<\/span><\/i><\/p>\n<p><i><span style=\"font-weight: 400;\">Com a compensa\u00e7\u00e3o das horas n\u00e3o trabalhadas, medida determinada pelo Tribunal Superior do Trabalho, a empresa ampliar\u00e1 a capacidade operacional e pretende normalizar o mais r\u00e1pido poss\u00edvel o fluxo de entregas de cartas e encomendas, em todo pa\u00eds&#8221;.<\/span><\/i><\/p>\n<p>&nbsp;<\/p>\n","protected":false},"excerpt":{"rendered":"<p>Depois de 35 dias de paralisa\u00e7\u00e3o, os funcion\u00e1rios dos Correios da Zona da Mata e Campo das Vertentes, retomaram suas atividades, ap\u00f3s o Tribunal Superior do Trabalho (TST), determinar o fim da greve nacional. A informa\u00e7\u00e3o foi confirmada pelo Sindicato dos Trabalhadores nos Correios em Juiz de Fora (Sintect\/JFA). Na ter\u00e7a-feira (22), houve uma reuni\u00e3o [&hellip;]<\/p>\n","protected":false},"author":96,"featured_media":169520,"comment_status":"closed","ping_status":"closed","sticky":false,"template":"","format":"standard","meta":{"footnotes":""},"categories":[253,436,440,439],"tags":[],"class_list":["post-169517","post","type-post","status-publish","format-standard","has-post-thumbnail","hentry","category-cidade","category-destaque-da-semana","category-destaques-do-dia","category-ultima-hora"],"_links":{"self":[{"href":"https:\/\/diarioregionaldigital.com.br\/index.php?rest_route=\/wp\/v2\/posts\/169517","targetHints":{"allow":["GET"]}}],"collection":[{"href":"https:\/\/diarioregionaldigital.com.br\/index.php?rest_route=\/wp\/v2\/posts"}],"about":[{"href":"https:\/\/diarioregionaldigital.com.br\/index.php?rest_route=\/wp\/v2\/types\/post"}],"author":[{"embeddable":true,"href":"https:\/\/diarioregionaldigital.com.br\/index.php?rest_route=\/wp\/v2\/users\/96"}],"replies":[{"embeddable":true,"href":"https:\/\/diarioregionaldigital.com.br\/index.php?rest_route=%2Fwp%2Fv2%2Fcomments&post=169517"}],"version-history":[{"count":0,"href":"https:\/\/diarioregionaldigital.com.br\/index.php?rest_route=\/wp\/v2\/posts\/169517\/revisions"}],"wp:featuredmedia":[{"embeddable":true,"href":"https:\/\/diarioregionaldigital.com.br\/index.php?rest_route=\/wp\/v2\/media\/169520"}],"wp:attachment":[{"href":"https:\/\/diarioregionaldigital.com.br\/index.php?rest_route=%2Fwp%2Fv2%2Fmedia&parent=169517"}],"wp:term":[{"taxonomy":"category","embeddable":true,"href":"https:\/\/diarioregionaldigital.com.br\/index.php?rest_route=%2Fwp%2Fv2%2Fcategories&post=169517"},{"taxonomy":"post_tag","embeddable":true,"href":"https:\/\/diarioregionaldigital.com.br\/index.php?rest_route=%2Fwp%2Fv2%2Ftags&post=169517"}],"curies":[{"name":"wp","href":"https:\/\/api.w.org\/{rel}","templated":true}]}}