{"id":169504,"date":"2020-09-23T14:03:33","date_gmt":"2020-09-23T17:03:33","guid":{"rendered":"https:\/\/diarioregionaldigital.com.br\/?p=169504"},"modified":"2020-09-23T14:03:33","modified_gmt":"2020-09-23T17:03:33","slug":"mulher-e-vitima-de-assalto-no-jardim-esperanca","status":"publish","type":"post","link":"https:\/\/diarioregionaldigital.com.br\/?p=169504","title":{"rendered":"Mulher \u00e9 v\u00edtima de assalto no Jardim Esperan\u00e7a"},"content":{"rendered":"<p>Na madrugada desta quarta-feira (23), uma mulher de 37 anos, estava na lanchonete de sua propriedade no Bairro Jardim Esperan\u00e7a (Regi\u00e3o Sudeste), quando foi abordada por dois indiv\u00edduos. Ao se aproximarem, um dos autores sacou uma arma de fogo e anunciou o assalto. Ao todo os suspeitos levaram o celular da v\u00edtima, a quantia de R$ 120,00 em dinheiro e uma motocicleta. Posteriormente, os suspeitos fugiram do local. A Pol\u00edcia Militar (PM) foi acionada, portanto n\u00e3o encontrou os indiv\u00edduos.<\/p>\n","protected":false},"excerpt":{"rendered":"<p>Na madrugada desta quarta-feira (23), uma mulher de 37 anos, estava na lanchonete de sua propriedade no Bairro Jardim Esperan\u00e7a (Regi\u00e3o Sudeste), quando foi abordada por dois indiv\u00edduos. Ao se aproximarem, um dos autores sacou uma arma de fogo e anunciou o assalto. Ao todo os suspeitos levaram o celular da v\u00edtima, a quantia de [&hellip;]<\/p>\n","protected":false},"author":96,"featured_media":165308,"comment_status":"closed","ping_status":"closed","sticky":false,"template":"","format":"standard","meta":{"footnotes":""},"categories":[301,436,439],"tags":[],"class_list":["post-169504","post","type-post","status-publish","format-standard","has-post-thumbnail","hentry","category-artigos-policiais","category-destaque-da-semana","category-ultima-hora"],"_links":{"self":[{"href":"https:\/\/diarioregionaldigital.com.br\/index.php?rest_route=\/wp\/v2\/posts\/169504","targetHints":{"allow":["GET"]}}],"collection":[{"href":"https:\/\/diarioregionaldigital.com.br\/index.php?rest_route=\/wp\/v2\/posts"}],"about":[{"href":"https:\/\/diarioregionaldigital.com.br\/index.php?rest_route=\/wp\/v2\/types\/post"}],"author":[{"embeddable":true,"href":"https:\/\/diarioregionaldigital.com.br\/index.php?rest_route=\/wp\/v2\/users\/96"}],"replies":[{"embeddable":true,"href":"https:\/\/diarioregionaldigital.com.br\/index.php?rest_route=%2Fwp%2Fv2%2Fcomments&post=169504"}],"version-history":[{"count":0,"href":"https:\/\/diarioregionaldigital.com.br\/index.php?rest_route=\/wp\/v2\/posts\/169504\/revisions"}],"wp:featuredmedia":[{"embeddable":true,"href":"https:\/\/diarioregionaldigital.com.br\/index.php?rest_route=\/wp\/v2\/media\/165308"}],"wp:attachment":[{"href":"https:\/\/diarioregionaldigital.com.br\/index.php?rest_route=%2Fwp%2Fv2%2Fmedia&parent=169504"}],"wp:term":[{"taxonomy":"category","embeddable":true,"href":"https:\/\/diarioregionaldigital.com.br\/index.php?rest_route=%2Fwp%2Fv2%2Fcategories&post=169504"},{"taxonomy":"post_tag","embeddable":true,"href":"https:\/\/diarioregionaldigital.com.br\/index.php?rest_route=%2Fwp%2Fv2%2Ftags&post=169504"}],"curies":[{"name":"wp","href":"https:\/\/api.w.org\/{rel}","templated":true}]}}