{"id":169426,"date":"2020-09-22T16:48:52","date_gmt":"2020-09-22T19:48:52","guid":{"rendered":"https:\/\/diarioregionaldigital.com.br\/?p=169426"},"modified":"2020-09-22T16:48:52","modified_gmt":"2020-09-22T19:48:52","slug":"minas-se-mantem-com-menor-taxa-de-mortalidade-por-100-mil-habitantes","status":"publish","type":"post","link":"https:\/\/diarioregionaldigital.com.br\/?p=169426","title":{"rendered":"Minas se mant\u00e9m com menor taxa de mortalidade por 100 mil habitantes"},"content":{"rendered":"<p>Em coletiva virtual nesta ter\u00e7a-feira (22\/9), o secret\u00e1rio de Estado de\u00a0<a href=\"https:\/\/www.saude.mg.gov.br\/\" target=\"_blank\" rel=\"noopener noreferrer\">Sa\u00fade<\/a>\u00a0de Minas Gerais, Carlos Eduardo Amaral, apresentou um gr\u00e1fico com o comparativo da mortalidade por 100 mil habitantes em todos os estados brasileiros. De acordo com a an\u00e1lise, Minas est\u00e1, hoje, com 31.8 \u00f3bitos para cada 100 mil habitantes, mantendo a menor taxa de mortalidade do pa\u00eds.<\/p>\n<p>\u201cObtivemos o primeiro lugar em 31 de julho. Desde ent\u00e3o, o estado se mant\u00e9m com a menor mortalidade proporcional do Brasil. Para n\u00f3s, essa posi\u00e7\u00e3o \u00e9 resultado das a\u00e7\u00f5es desenvolvidas pelo Estado e pelas secretarias municipais de Sa\u00fade. Come\u00e7amos o enfrentamento \u00e0 covid-19 com 2.072 leitos de UTI, hoje, j\u00e1 passamos de 3.900\u201d, pontuou\u00a0o secret\u00e1rio.<\/p>\n<p>Ainda segundo o secret\u00e1rio, a ocupa\u00e7\u00e3o m\u00e1xima registrada foi de 2.766 leitos, abaixo da capacidade da rede. \u201cImportante destacar tamb\u00e9m que n\u00e3o tivemos nenhum momento de desassist\u00eancia no estado\u201d, refor\u00e7ou.<\/p>\n<p><strong>Atualiza\u00e7\u00f5es<\/strong><\/p>\n<p>Minas Gerais registra, at\u00e9 o momento, 6.764 \u00f3bitos por covid-19. Carlos Eduardo Amaral explicou que os dados divulgados pela Secretaria de Estado de Sa\u00fade e a atualiza\u00e7\u00e3o feita pelos munic\u00edpios est\u00e3o alinhados.<\/p>\n<p>\u201cFizemos um ajuste quanto \u00e0 consolida\u00e7\u00e3o dos dados, quando passamos a utilizar o Sistema de Informa\u00e7\u00e3o de Vigil\u00e2ncia da Gripe (Sivep-Gripe). Diariamente fazemos o download dos dados inseridos na plataforma nacional e contamos com essa atualiza\u00e7\u00e3o feita pelos munic\u00edpios\u201d, afirmou.<\/p>\n<p><strong>Boletim epidemiol\u00f3gico 200<\/strong><\/p>\n<p>Nesta ter\u00e7a feira (22\/9), o Governo de Minas publicou o 200\u00ba boletim epidemiol\u00f3gico da doen\u00e7a. Carlos Eduardo Amaral falou sobre o papel do informe no cen\u00e1rio de pandemia. \u201cO boletim, atualizado e divulgado diariamente, disponibiliza \u00e0 sociedade diversos dados epidemiol\u00f3gicos sobre a situa\u00e7\u00e3o da covid-19 no estado, al\u00e9m de mostrar como estamos conduzindo a pandemia e qual \u00e9 nossa vis\u00e3o sobre o assunto. A produ\u00e7\u00e3o do documento conta com mais de 55 profissionais e faz parte do nosso compromisso com a m\u00e1xima transpar\u00eancia na divulga\u00e7\u00e3o dos dados\u201d.<\/p>\n<p><strong>Fonte:\u00a0<\/strong>Ag\u00eancia Minas<\/p>\n","protected":false},"excerpt":{"rendered":"<p>Em coletiva virtual nesta ter\u00e7a-feira (22\/9), o secret\u00e1rio de Estado de\u00a0Sa\u00fade\u00a0de Minas Gerais, Carlos Eduardo Amaral, apresentou um gr\u00e1fico com o comparativo da mortalidade por 100 mil habitantes em todos os estados brasileiros. De acordo com a an\u00e1lise, Minas est\u00e1, hoje, com 31.8 \u00f3bitos para cada 100 mil habitantes, mantendo a menor taxa de mortalidade [&hellip;]<\/p>\n","protected":false},"author":96,"featured_media":162992,"comment_status":"closed","ping_status":"closed","sticky":false,"template":"","format":"standard","meta":{"footnotes":""},"categories":[436,254,439],"tags":[],"class_list":["post-169426","post","type-post","status-publish","format-standard","has-post-thumbnail","hentry","category-destaque-da-semana","category-politica","category-ultima-hora"],"_links":{"self":[{"href":"https:\/\/diarioregionaldigital.com.br\/index.php?rest_route=\/wp\/v2\/posts\/169426","targetHints":{"allow":["GET"]}}],"collection":[{"href":"https:\/\/diarioregionaldigital.com.br\/index.php?rest_route=\/wp\/v2\/posts"}],"about":[{"href":"https:\/\/diarioregionaldigital.com.br\/index.php?rest_route=\/wp\/v2\/types\/post"}],"author":[{"embeddable":true,"href":"https:\/\/diarioregionaldigital.com.br\/index.php?rest_route=\/wp\/v2\/users\/96"}],"replies":[{"embeddable":true,"href":"https:\/\/diarioregionaldigital.com.br\/index.php?rest_route=%2Fwp%2Fv2%2Fcomments&post=169426"}],"version-history":[{"count":0,"href":"https:\/\/diarioregionaldigital.com.br\/index.php?rest_route=\/wp\/v2\/posts\/169426\/revisions"}],"wp:featuredmedia":[{"embeddable":true,"href":"https:\/\/diarioregionaldigital.com.br\/index.php?rest_route=\/wp\/v2\/media\/162992"}],"wp:attachment":[{"href":"https:\/\/diarioregionaldigital.com.br\/index.php?rest_route=%2Fwp%2Fv2%2Fmedia&parent=169426"}],"wp:term":[{"taxonomy":"category","embeddable":true,"href":"https:\/\/diarioregionaldigital.com.br\/index.php?rest_route=%2Fwp%2Fv2%2Fcategories&post=169426"},{"taxonomy":"post_tag","embeddable":true,"href":"https:\/\/diarioregionaldigital.com.br\/index.php?rest_route=%2Fwp%2Fv2%2Ftags&post=169426"}],"curies":[{"name":"wp","href":"https:\/\/api.w.org\/{rel}","templated":true}]}}