{"id":169377,"date":"2020-09-22T10:42:09","date_gmt":"2020-09-22T13:42:09","guid":{"rendered":"https:\/\/diarioregionaldigital.com.br\/?p=169377"},"modified":"2020-09-22T10:42:09","modified_gmt":"2020-09-22T13:42:09","slug":"covid-19-novo-levantamento-indica-2-039-novos-casos-em-24h","status":"publish","type":"post","link":"https:\/\/diarioregionaldigital.com.br\/?p=169377","title":{"rendered":"Covid-19: Novo levantamento indica 2.039 novos casos em 24h"},"content":{"rendered":"<p>O novo\u00a0<a href=\"https:\/\/www.saude.mg.gov.br\/images\/noticias_e_eventos\/000_2020\/Boletins_Corona\/22.09-Boletim-Epidemiologico_COVID-19_.pdf\">boletim epidemiol\u00f3gico<\/a> divulgado nesta ter\u00e7a-feira (22) pela Secretaria de Estado da Sa\u00fade de Minas Gerais (SES-MG), indica 2.039 novos casos por Coronav\u00edrus, registrados nas \u00faltimas 24h no estado. At\u00e9 ent\u00e3o, j\u00e1 s\u00e3o 273.233 pessoas infectadas. Segundo o boletim, houve aumento de 37 \u00f3bitos, totalizando 6.764, sendo que 3.852 s\u00e3o do sexo masculino e 2.912 s\u00e3o do feminino. Al\u00e9m disso, 239.717 pacientes est\u00e3o recuperados da doen\u00e7a, representando 87,7% dos casos e 26.752 fazem acompanhamento m\u00e9dico.<\/p>\n<p>Conforme o SES-MG, foram feitos 133.135 testes laboratoriais, sendo que 34.468 deram positivo, 94.719 deram negativo e 1.220 est\u00e3o sob an\u00e1lise. Quanto aos dados de hospitaliza\u00e7\u00e3o, 27.292 pacientes infectados est\u00e3o internados em hospitais e 245.941 fazem isolamento domiciliar.<\/p>\n","protected":false},"excerpt":{"rendered":"<p>O novo\u00a0boletim epidemiol\u00f3gico divulgado nesta ter\u00e7a-feira (22) pela Secretaria de Estado da Sa\u00fade de Minas Gerais (SES-MG), indica 2.039 novos casos por Coronav\u00edrus, registrados nas \u00faltimas 24h no estado. At\u00e9 ent\u00e3o, j\u00e1 s\u00e3o 273.233 pessoas infectadas. Segundo o boletim, houve aumento de 37 \u00f3bitos, totalizando 6.764, sendo que 3.852 s\u00e3o do sexo masculino e 2.912 [&hellip;]<\/p>\n","protected":false},"author":96,"featured_media":169378,"comment_status":"closed","ping_status":"closed","sticky":false,"template":"","format":"standard","meta":{"footnotes":""},"categories":[436,440,252,439],"tags":[],"class_list":["post-169377","post","type-post","status-publish","format-standard","has-post-thumbnail","hentry","category-destaque-da-semana","category-destaques-do-dia","category-regiao","category-ultima-hora"],"_links":{"self":[{"href":"https:\/\/diarioregionaldigital.com.br\/index.php?rest_route=\/wp\/v2\/posts\/169377","targetHints":{"allow":["GET"]}}],"collection":[{"href":"https:\/\/diarioregionaldigital.com.br\/index.php?rest_route=\/wp\/v2\/posts"}],"about":[{"href":"https:\/\/diarioregionaldigital.com.br\/index.php?rest_route=\/wp\/v2\/types\/post"}],"author":[{"embeddable":true,"href":"https:\/\/diarioregionaldigital.com.br\/index.php?rest_route=\/wp\/v2\/users\/96"}],"replies":[{"embeddable":true,"href":"https:\/\/diarioregionaldigital.com.br\/index.php?rest_route=%2Fwp%2Fv2%2Fcomments&post=169377"}],"version-history":[{"count":0,"href":"https:\/\/diarioregionaldigital.com.br\/index.php?rest_route=\/wp\/v2\/posts\/169377\/revisions"}],"wp:featuredmedia":[{"embeddable":true,"href":"https:\/\/diarioregionaldigital.com.br\/index.php?rest_route=\/wp\/v2\/media\/169378"}],"wp:attachment":[{"href":"https:\/\/diarioregionaldigital.com.br\/index.php?rest_route=%2Fwp%2Fv2%2Fmedia&parent=169377"}],"wp:term":[{"taxonomy":"category","embeddable":true,"href":"https:\/\/diarioregionaldigital.com.br\/index.php?rest_route=%2Fwp%2Fv2%2Fcategories&post=169377"},{"taxonomy":"post_tag","embeddable":true,"href":"https:\/\/diarioregionaldigital.com.br\/index.php?rest_route=%2Fwp%2Fv2%2Ftags&post=169377"}],"curies":[{"name":"wp","href":"https:\/\/api.w.org\/{rel}","templated":true}]}}