{"id":169372,"date":"2020-09-22T10:30:26","date_gmt":"2020-09-22T13:30:26","guid":{"rendered":"https:\/\/diarioregionaldigital.com.br\/?p=169372"},"modified":"2020-09-22T10:30:26","modified_gmt":"2020-09-22T13:30:26","slug":"projeto-aumenta-para-ate-seis-anos-de-prisao-pena-aplicada-a-quem-provocar-incendio-em-floresta","status":"publish","type":"post","link":"https:\/\/diarioregionaldigital.com.br\/?p=169372","title":{"rendered":"Projeto aumenta para at\u00e9 seis anos de pris\u00e3o pena aplicada a quem provocar inc\u00eandio em floresta"},"content":{"rendered":"<p><span style=\"font-weight: 400;\">O Projeto de Lei 4542\/20 altera a Lei de Crimes Ambientais para punir com reclus\u00e3o de 2 a 6 anos e multa quem provocar inc\u00eandio em mata ou floresta. Atualmente, a pena prevista \u00e9 de reclus\u00e3o de 2 a 4 anos e multa. O texto est\u00e1 sendo analisado pela C\u00e2mara dos Deputados.<\/span><\/p>\n<p><span style=\"font-weight: 400;\">A proposta prev\u00ea ainda agravantes que podem elevar a pena em at\u00e9 50%, como nos casos em que a infra\u00e7\u00e3o resultar em les\u00e3o corporal grave; em dano irrevers\u00edvel \u00e0 fauna, \u00e0 flora ou ao meio ambiente; ou quando for praticada \u00e0 noite, em domingos ou em feriados.<\/span><\/p>\n<p><span style=\"font-weight: 400;\">\u201cO n\u00famero de focos de inc\u00eandio registrado no Pantanal entre janeiro e agosto deste ano equivale a tudo o que queimou no bioma nos seis anos anteriores, de 2014 a 2019\u201d, afirmou o autor do projeto, deputado Gerv\u00e1sio Maia (PSB-PB), citando um levantamento do Instituto Nacional de Pesquisas Espaciais (Inpe).<\/span><\/p>\n<p><span style=\"font-weight: 400;\">&#8220;Os dados revelam que, entre janeiro e agosto, foram registrados pelos sat\u00e9lites do Inpe um total de 10.153 focos de inc\u00eandio no Pantanal, bioma que soma 150 mil quil\u00f4metros quadrados, localizados nos Estados do Mato Grosso (35%) e Mato Grosso do Sul (65%)\u201d, refor\u00e7ou.<\/span><\/p>\n<p><span style=\"font-weight: 400;\">Maia tamb\u00e9m criticou ind\u00edcios de comportamentos omissos por parte de autoridades administrativas, principalmente federais, no \u00e2mbito do Minist\u00e9rio do Meio Ambiente.<\/span><\/p>\n<p><span style=\"font-weight: 400;\">Segundo o texto, autoridades administrativas federais, distrital, estaduais e municipais que deixarem de tomar medidas necess\u00e1rias e urgentes no combate ao inc\u00eandio, como o uso preventivo do Manejo Integrado do Fogo (MIF), poder\u00e3o ser punidas com as mesmas penas.<\/span><\/p>\n<p><span style=\"font-weight: 400;\">Nos crimes cometidos sem inten\u00e7\u00e3o (doloso), a pena passar\u00e1 a ser de deten\u00e7\u00e3o de 1 a 2 anos e multa, o dobro da atual, que \u00e9 de deten\u00e7\u00e3o de seis meses a um ano, e multa.<\/span><\/p>\n<p><strong>Fonte:<\/strong> Ag\u00eancia C\u00e2mara<\/p>\n<p>&nbsp;<\/p>\n","protected":false},"excerpt":{"rendered":"<p>O Projeto de Lei 4542\/20 altera a Lei de Crimes Ambientais para punir com reclus\u00e3o de 2 a 6 anos e multa quem provocar inc\u00eandio em mata ou floresta. Atualmente, a pena prevista \u00e9 de reclus\u00e3o de 2 a 4 anos e multa. O texto est\u00e1 sendo analisado pela C\u00e2mara dos Deputados. A proposta prev\u00ea [&hellip;]<\/p>\n","protected":false},"author":96,"featured_media":169373,"comment_status":"closed","ping_status":"closed","sticky":false,"template":"","format":"standard","meta":{"footnotes":""},"categories":[436,440,254,439],"tags":[],"class_list":["post-169372","post","type-post","status-publish","format-standard","has-post-thumbnail","hentry","category-destaque-da-semana","category-destaques-do-dia","category-politica","category-ultima-hora"],"_links":{"self":[{"href":"https:\/\/diarioregionaldigital.com.br\/index.php?rest_route=\/wp\/v2\/posts\/169372","targetHints":{"allow":["GET"]}}],"collection":[{"href":"https:\/\/diarioregionaldigital.com.br\/index.php?rest_route=\/wp\/v2\/posts"}],"about":[{"href":"https:\/\/diarioregionaldigital.com.br\/index.php?rest_route=\/wp\/v2\/types\/post"}],"author":[{"embeddable":true,"href":"https:\/\/diarioregionaldigital.com.br\/index.php?rest_route=\/wp\/v2\/users\/96"}],"replies":[{"embeddable":true,"href":"https:\/\/diarioregionaldigital.com.br\/index.php?rest_route=%2Fwp%2Fv2%2Fcomments&post=169372"}],"version-history":[{"count":0,"href":"https:\/\/diarioregionaldigital.com.br\/index.php?rest_route=\/wp\/v2\/posts\/169372\/revisions"}],"wp:featuredmedia":[{"embeddable":true,"href":"https:\/\/diarioregionaldigital.com.br\/index.php?rest_route=\/wp\/v2\/media\/169373"}],"wp:attachment":[{"href":"https:\/\/diarioregionaldigital.com.br\/index.php?rest_route=%2Fwp%2Fv2%2Fmedia&parent=169372"}],"wp:term":[{"taxonomy":"category","embeddable":true,"href":"https:\/\/diarioregionaldigital.com.br\/index.php?rest_route=%2Fwp%2Fv2%2Fcategories&post=169372"},{"taxonomy":"post_tag","embeddable":true,"href":"https:\/\/diarioregionaldigital.com.br\/index.php?rest_route=%2Fwp%2Fv2%2Ftags&post=169372"}],"curies":[{"name":"wp","href":"https:\/\/api.w.org\/{rel}","templated":true}]}}