{"id":169350,"date":"2020-09-22T06:00:02","date_gmt":"2020-09-22T09:00:02","guid":{"rendered":"https:\/\/diarioregionaldigital.com.br\/?p=169350"},"modified":"2020-09-23T17:17:01","modified_gmt":"2020-09-23T20:17:01","slug":"prefeitura-municipal-de-tocantins-licitacao-no039-22-09-2020","status":"publish","type":"post","link":"https:\/\/diarioregionaldigital.com.br\/?p=169350","title":{"rendered":"Prefeitura Municipal de Tocantins &#8211; Licita\u00e7\u00e3o n\u00ba039 &#8211; 22\/09\/2020"},"content":{"rendered":"<p style=\"text-align: center;\"><strong>PREFEITURA MUNICIPAL TOCANTINS\/MG<\/strong><\/p>\n<p style=\"text-align: center;\"><strong>Processo n\u00b0 086\/2020<\/strong><\/p>\n<p style=\"text-align: center;\"><strong>Dispensa n\u00b0 039\/2020<\/strong><\/p>\n<p style=\"text-align: center;\"><strong>RATIFICA\u00c7\u00c3O<\/strong><\/p>\n<p style=\"text-align: center;\">\u00a0\u00a0\u00a0\u00a0\u00a0\u00a0\u00a0\u00a0\u00a0\u00a0\u00a0 O Prefeito Municipal de TOCANTINS\/MG, no uso de suas atribui\u00e7\u00f5es legais, com fulcro art. 24, inciso II da Lei n\u00b0 8.666\/93 e suas posteriores altera\u00e7\u00f5es, pelo presente ato, RATIFICA A CONTRATA\u00c7\u00c3O DE EMPRESA QUE FORNE\u00c7A CAMISAS DE UNIFORMES PARA OS ALUNOS DO CENTRO INTEGRADO DE REFER\u00caNCIA DE ASSIST\u00caNCIA SOCIAL-CRAS.<\/p>\n<p style=\"text-align: center;\"><strong>J.C. COSTA &amp; CIA. LTDA &#8211; CNPJ: 71.084.305\/0001-77<\/strong><\/p>\n<p style=\"text-align: center;\">Valor Total de R$ 1.790,00 (um mil e setecentos e noventa reais)<\/p>\n<p style=\"text-align: center;\">TOCANTINS, 16 de Setembro de 2020.<\/p>\n<p style=\"text-align: center;\"><strong>____________________________________________<\/strong><\/p>\n<p style=\"text-align: center;\"><strong>Ieder Washington de Oliveira<\/strong><\/p>\n<p style=\"text-align: center;\"><strong>Prefeito Municipal<\/strong><\/p>\n","protected":false},"excerpt":{"rendered":"<p>PREFEITURA MUNICIPAL TOCANTINS\/MG Processo n\u00b0 086\/2020 Dispensa n\u00b0 039\/2020 RATIFICA\u00c7\u00c3O \u00a0\u00a0\u00a0\u00a0\u00a0\u00a0\u00a0\u00a0\u00a0\u00a0\u00a0 O Prefeito Municipal de TOCANTINS\/MG, no uso de suas atribui\u00e7\u00f5es legais, com fulcro art. 24, inciso II da Lei n\u00b0 8.666\/93 e suas posteriores altera\u00e7\u00f5es, pelo presente ato, RATIFICA A CONTRATA\u00c7\u00c3O DE EMPRESA QUE FORNE\u00c7A CAMISAS DE UNIFORMES PARA OS ALUNOS DO CENTRO INTEGRADO [&hellip;]<\/p>\n","protected":false},"author":96,"featured_media":0,"comment_status":"closed","ping_status":"closed","sticky":false,"template":"","format":"standard","meta":{"footnotes":""},"categories":[307],"tags":[],"class_list":["post-169350","post","type-post","status-publish","format-standard","hentry","category-editais"],"_links":{"self":[{"href":"https:\/\/diarioregionaldigital.com.br\/index.php?rest_route=\/wp\/v2\/posts\/169350","targetHints":{"allow":["GET"]}}],"collection":[{"href":"https:\/\/diarioregionaldigital.com.br\/index.php?rest_route=\/wp\/v2\/posts"}],"about":[{"href":"https:\/\/diarioregionaldigital.com.br\/index.php?rest_route=\/wp\/v2\/types\/post"}],"author":[{"embeddable":true,"href":"https:\/\/diarioregionaldigital.com.br\/index.php?rest_route=\/wp\/v2\/users\/96"}],"replies":[{"embeddable":true,"href":"https:\/\/diarioregionaldigital.com.br\/index.php?rest_route=%2Fwp%2Fv2%2Fcomments&post=169350"}],"version-history":[{"count":0,"href":"https:\/\/diarioregionaldigital.com.br\/index.php?rest_route=\/wp\/v2\/posts\/169350\/revisions"}],"wp:attachment":[{"href":"https:\/\/diarioregionaldigital.com.br\/index.php?rest_route=%2Fwp%2Fv2%2Fmedia&parent=169350"}],"wp:term":[{"taxonomy":"category","embeddable":true,"href":"https:\/\/diarioregionaldigital.com.br\/index.php?rest_route=%2Fwp%2Fv2%2Fcategories&post=169350"},{"taxonomy":"post_tag","embeddable":true,"href":"https:\/\/diarioregionaldigital.com.br\/index.php?rest_route=%2Fwp%2Fv2%2Ftags&post=169350"}],"curies":[{"name":"wp","href":"https:\/\/api.w.org\/{rel}","templated":true}]}}