{"id":169347,"date":"2020-09-22T06:00:50","date_gmt":"2020-09-22T09:00:50","guid":{"rendered":"https:\/\/diarioregionaldigital.com.br\/?p=169347"},"modified":"2020-09-22T01:54:13","modified_gmt":"2020-09-22T04:54:13","slug":"prefeitura-municipal-de-tocantins-licitacao-no062-22-09-2020","status":"publish","type":"post","link":"https:\/\/diarioregionaldigital.com.br\/?p=169347","title":{"rendered":"Prefeitura Municipal de Tocantins &#8211; Licita\u00e7\u00e3o n\u00ba062- 22\/09\/2020"},"content":{"rendered":"<p style=\"text-align: center;\"><strong>PREFEITURA MUNICIPAL DE TOCANTINS\/MG<\/strong><\/p>\n<p style=\"text-align: center;\"><strong>CONVOCA\u00c7\u00c3O<\/strong><\/p>\n<p style=\"text-align: center;\"><strong>AQUISI\u00c7\u00c3O DE G\u00caNEROS ALIMENT\u00cdCIOS AGRICULTURA FAMILIAR<\/strong><\/p>\n<p style=\"text-align: center;\"><strong>Processo n\u00b0062\/2020<\/strong><\/p>\n<p style=\"text-align: center;\"><strong>Chamada P\u00fablica N\u00b0005\/2020<\/strong><\/p>\n<p style=\"text-align: center;\">A Comiss\u00e3o Permanente de Licita\u00e7\u00e3o do Munic\u00edpio de Tocantins\/MG, CONVOCA os AGRICULTORES PARA NEGOCIA\u00c7\u00c3O DOS PRE\u00c7OS DOS PRODUTOS referente ao Processo n\u00b0062\/2020 (AGRICULTURA FAMILIAR); no dia 30 de setembro de 2020 as 08:00hs. Tocantins\/MG, 21 de Setembro de 2020.<\/p>\n<p style=\"text-align: center;\">_______________________________<\/p>\n<p style=\"text-align: center;\"><strong>Ana L\u00facia Rodrigues<\/strong><\/p>\n<p style=\"text-align: center;\"><strong>PRESIDENTE COMISS\u00c3O.<\/strong><\/p>\n","protected":false},"excerpt":{"rendered":"<p>PREFEITURA MUNICIPAL DE TOCANTINS\/MG CONVOCA\u00c7\u00c3O AQUISI\u00c7\u00c3O DE G\u00caNEROS ALIMENT\u00cdCIOS AGRICULTURA FAMILIAR Processo n\u00b0062\/2020 Chamada P\u00fablica N\u00b0005\/2020 A Comiss\u00e3o Permanente de Licita\u00e7\u00e3o do Munic\u00edpio de Tocantins\/MG, CONVOCA os AGRICULTORES PARA NEGOCIA\u00c7\u00c3O DOS PRE\u00c7OS DOS PRODUTOS referente ao Processo n\u00b0062\/2020 (AGRICULTURA FAMILIAR); no dia 30 de setembro de 2020 as 08:00hs. Tocantins\/MG, 21 de Setembro de 2020. [&hellip;]<\/p>\n","protected":false},"author":96,"featured_media":0,"comment_status":"closed","ping_status":"closed","sticky":false,"template":"","format":"standard","meta":{"footnotes":""},"categories":[307],"tags":[],"class_list":["post-169347","post","type-post","status-publish","format-standard","hentry","category-editais"],"_links":{"self":[{"href":"https:\/\/diarioregionaldigital.com.br\/index.php?rest_route=\/wp\/v2\/posts\/169347","targetHints":{"allow":["GET"]}}],"collection":[{"href":"https:\/\/diarioregionaldigital.com.br\/index.php?rest_route=\/wp\/v2\/posts"}],"about":[{"href":"https:\/\/diarioregionaldigital.com.br\/index.php?rest_route=\/wp\/v2\/types\/post"}],"author":[{"embeddable":true,"href":"https:\/\/diarioregionaldigital.com.br\/index.php?rest_route=\/wp\/v2\/users\/96"}],"replies":[{"embeddable":true,"href":"https:\/\/diarioregionaldigital.com.br\/index.php?rest_route=%2Fwp%2Fv2%2Fcomments&post=169347"}],"version-history":[{"count":0,"href":"https:\/\/diarioregionaldigital.com.br\/index.php?rest_route=\/wp\/v2\/posts\/169347\/revisions"}],"wp:attachment":[{"href":"https:\/\/diarioregionaldigital.com.br\/index.php?rest_route=%2Fwp%2Fv2%2Fmedia&parent=169347"}],"wp:term":[{"taxonomy":"category","embeddable":true,"href":"https:\/\/diarioregionaldigital.com.br\/index.php?rest_route=%2Fwp%2Fv2%2Fcategories&post=169347"},{"taxonomy":"post_tag","embeddable":true,"href":"https:\/\/diarioregionaldigital.com.br\/index.php?rest_route=%2Fwp%2Fv2%2Ftags&post=169347"}],"curies":[{"name":"wp","href":"https:\/\/api.w.org\/{rel}","templated":true}]}}