{"id":169345,"date":"2020-09-22T06:00:57","date_gmt":"2020-09-22T09:00:57","guid":{"rendered":"https:\/\/diarioregionaldigital.com.br\/?p=169345"},"modified":"2020-09-22T01:41:40","modified_gmt":"2020-09-22T04:41:40","slug":"prefeitura-municipal-de-tocantins-licitacao-no113-22-09-2020","status":"publish","type":"post","link":"https:\/\/diarioregionaldigital.com.br\/?p=169345","title":{"rendered":"Prefeitura Municipal de Tocantins &#8211; Licita\u00e7\u00e3o n\u00ba113 &#8211; 22\/09\/2020"},"content":{"rendered":"<p style=\"text-align: center;\"><strong>PREFEITURA MUNICIPAL DE TOCANTINS-MG<\/strong><\/p>\n<p style=\"text-align: center;\"><strong>AVISO DE LICITA\u00c7\u00c3O<\/strong><\/p>\n<p style=\"text-align: center;\"><strong>Processo Licita\u00e7\u00e3o n\u00b0113\/2020<\/strong><\/p>\n<p style=\"text-align: center;\"><strong>Modalidade de Preg\u00e3o Presencial n\u00b0047\/2020<\/strong><\/p>\n<p style=\"text-align: center;\">O Munic\u00edpio de TOCANTINS-MG, na forma da lei, faz saber a todos os interessados que far\u00e1 licita\u00e7\u00e3o\u00a0tendo por objeto principal PREG\u00c3O PRESENCIAL COM MENOR PRE\u00c7O GLOBAL para \u00a0aquisi\u00e7\u00e3o de G\u00caNERO ALIMENT\u00cdCIOS \u201cCESTA B\u00c1SICA RICO EM PROTEINAS\u201d, para atendimento de\u00a0 pessoas com defici\u00eancia atendidas no CENTRO DIA &#8211; ASSOCIA\u00c7\u00c3O DE PAIS E AMIGOS DOS EXCEPCIONAIS &#8211; APAE E INSTITUI\u00c7\u00c3O DE LONGA PERMAN\u00caNCIA PARA IDOSOS \u2013 SOCIEDADE DE AMPARO AO IDOSO TOCANTINENSE &#8211; SAIT, visando o enfrentamento da situa\u00e7\u00e3o de emerg\u00eancia em sa\u00fade p\u00fablica, em decorr\u00eancia do NOVO CORONA V\u00ccRUS (COVID-19). Conforme a solicita\u00e7\u00e3o da Secretaria Municipal de Desenvolvimento e Assist\u00eancia Social \u2013 SMDAS do Munic\u00edpio de Tocantins-MG,<strong>\u00a0nos Termo de Refer\u00eancia deste Edital, que \u00e9 parte integrante<\/strong>,\u00a0cuja\u00a0<strong>sess\u00e3o p\u00fablica se dar\u00e1 no dia 06\/10\/2020 as 08:00 horas\u00a0<\/strong>na sala da comiss\u00e3o de licita\u00e7\u00e3o, localizada na Av. Padre Mac\u00e1rio, n\u00b0 129, bairro Centro, Munic\u00edpio de TOCANTINS-MG. O edital completo encontra-se a disposi\u00e7\u00e3o dos interessados no endere\u00e7o citado anteriormente, no hor\u00e1rio de expediente de 07:00 as 11:00 horas e ou\u00a0endere\u00e7o eletr\u00f4nico\u00a0<a href=\"http:\/\/tocantins.mg.gov.br\/\">http:\/\/tocantins.mg.gov.br\/<\/a>.. TOCANTINS, 21 de setembro \u00a0de 2020.<\/p>\n<p style=\"text-align: center;\">_________________________________________<\/p>\n<p style=\"text-align: center;\"><strong>Luiz Fernando Barbosa da Silva<\/strong><\/p>\n<p style=\"text-align: center;\"><strong>\u00a0Pregoeiro<\/strong><\/p>\n","protected":false},"excerpt":{"rendered":"<p>PREFEITURA MUNICIPAL DE TOCANTINS-MG AVISO DE LICITA\u00c7\u00c3O Processo Licita\u00e7\u00e3o n\u00b0113\/2020 Modalidade de Preg\u00e3o Presencial n\u00b0047\/2020 O Munic\u00edpio de TOCANTINS-MG, na forma da lei, faz saber a todos os interessados que far\u00e1 licita\u00e7\u00e3o\u00a0tendo por objeto principal PREG\u00c3O PRESENCIAL COM MENOR PRE\u00c7O GLOBAL para \u00a0aquisi\u00e7\u00e3o de G\u00caNERO ALIMENT\u00cdCIOS \u201cCESTA B\u00c1SICA RICO EM PROTEINAS\u201d, para atendimento de\u00a0 pessoas [&hellip;]<\/p>\n","protected":false},"author":96,"featured_media":0,"comment_status":"closed","ping_status":"closed","sticky":false,"template":"","format":"standard","meta":{"footnotes":""},"categories":[307],"tags":[],"class_list":["post-169345","post","type-post","status-publish","format-standard","hentry","category-editais"],"_links":{"self":[{"href":"https:\/\/diarioregionaldigital.com.br\/index.php?rest_route=\/wp\/v2\/posts\/169345","targetHints":{"allow":["GET"]}}],"collection":[{"href":"https:\/\/diarioregionaldigital.com.br\/index.php?rest_route=\/wp\/v2\/posts"}],"about":[{"href":"https:\/\/diarioregionaldigital.com.br\/index.php?rest_route=\/wp\/v2\/types\/post"}],"author":[{"embeddable":true,"href":"https:\/\/diarioregionaldigital.com.br\/index.php?rest_route=\/wp\/v2\/users\/96"}],"replies":[{"embeddable":true,"href":"https:\/\/diarioregionaldigital.com.br\/index.php?rest_route=%2Fwp%2Fv2%2Fcomments&post=169345"}],"version-history":[{"count":0,"href":"https:\/\/diarioregionaldigital.com.br\/index.php?rest_route=\/wp\/v2\/posts\/169345\/revisions"}],"wp:attachment":[{"href":"https:\/\/diarioregionaldigital.com.br\/index.php?rest_route=%2Fwp%2Fv2%2Fmedia&parent=169345"}],"wp:term":[{"taxonomy":"category","embeddable":true,"href":"https:\/\/diarioregionaldigital.com.br\/index.php?rest_route=%2Fwp%2Fv2%2Fcategories&post=169345"},{"taxonomy":"post_tag","embeddable":true,"href":"https:\/\/diarioregionaldigital.com.br\/index.php?rest_route=%2Fwp%2Fv2%2Ftags&post=169345"}],"curies":[{"name":"wp","href":"https:\/\/api.w.org\/{rel}","templated":true}]}}