{"id":169320,"date":"2020-09-21T18:39:31","date_gmt":"2020-09-21T21:39:31","guid":{"rendered":"https:\/\/diarioregionaldigital.com.br\/?p=169320"},"modified":"2020-09-21T18:39:31","modified_gmt":"2020-09-21T21:39:31","slug":"cesama-revitaliza-estacao-de-tratamento-de-agua-no-bairro-sao-pedro","status":"publish","type":"post","link":"https:\/\/diarioregionaldigital.com.br\/?p=169320","title":{"rendered":"Cesama revitaliza Esta\u00e7\u00e3o de Tratamento de \u00c1gua no Bairro S\u00e3o Pedro"},"content":{"rendered":"<p>A Companhia de Saneamento Municipal (Cesama) finalizou o processo de reforma da Esta\u00e7\u00e3o de Tratamento de \u00c1gua (ETA) no Bairro S\u00e3o Pedro. A assessora t\u00e9cnica e operacional da Ger\u00eancia de Obras (Geob), da Cesama, Fl\u00e1via Laguardia, avaliou o trabalho de revitaliza\u00e7\u00e3o da unidade, iniciado em julho de 2019: &#8220;Foi uma experi\u00eancia desafiadora e gratificante. As interven\u00e7\u00f5es priorizaram aspectos operacionais e de seguran\u00e7a. Al\u00e9m disso, foram implementadas v\u00e1rias melhorias no paisagismo da esta\u00e7\u00e3o, com o objetivo de valorizar sua \u00e1rea externa, de forma que ela refletisse para a popula\u00e7\u00e3o do Munic\u00edpio a qualidade dos servi\u00e7os prestados pela companhia&#8221;.<\/p>\n<p><b>As melhorias<\/b><\/p>\n<p><i>1- Operacionais:<\/i><br \/>\n. Moderniza\u00e7\u00e3o dos tr\u00eas filtros da unidade, garantindo maior vaz\u00e3o e efici\u00eancia, e da galeria de filtros, com corre\u00e7\u00e3o de vazamentos e infiltra\u00e7\u00f5es, garantindo maior qualidade da \u00e1gua filtrada;<br \/>\n. Limpeza dos filtros decantadores;<br \/>\n. Moderniza\u00e7\u00e3o do dep\u00f3sito de sal, das instala\u00e7\u00f5es el\u00e9tricas e de dados.<\/p>\n<p><i>2- Arquitet\u00f4nicas:<\/i><br \/>\n. Requalifica\u00e7\u00e3o dos espa\u00e7os internos e externos da unidade e melhoria est\u00e9tica das instala\u00e7\u00f5es e edifica\u00e7\u00f5es;<br \/>\n. Regulariza\u00e7\u00e3o dos n\u00edveis dos pisos externos, al\u00e9m de sua pintura;<br \/>\n. Adequa\u00e7\u00e3o paisag\u00edstica, com inser\u00e7\u00e3o de canteiros, plantio de grama em talude, supress\u00e3o de arbustos e limpeza da \u00e1rea externa.<\/p>\n<p><i>3- De seguran\u00e7a:<\/i><br \/>\n. Instala\u00e7\u00e3o de telas de prote\u00e7\u00e3o ao longo de toda a esta\u00e7\u00e3o;<br \/>\n. Substitui\u00e7\u00e3o de todo o sistema de ilumina\u00e7\u00e3o externa da unidade;<br \/>\n. Instala\u00e7\u00e3o de elementos e estruturas, em atendimento \u00e0s normas de seguran\u00e7a;<br \/>\n. Substitui\u00e7\u00e3o do cercamento da subesta\u00e7\u00e3o de energia el\u00e9trica;<br \/>\n. Recomposi\u00e7\u00e3o de pontos deteriorados em toda a cal\u00e7ada.<\/p>\n<p><strong>Fonte:\u00a0<\/strong>Assessoria<\/p>\n","protected":false},"excerpt":{"rendered":"<p>A Companhia de Saneamento Municipal (Cesama) finalizou o processo de reforma da Esta\u00e7\u00e3o de Tratamento de \u00c1gua (ETA) no Bairro S\u00e3o Pedro. A assessora t\u00e9cnica e operacional da Ger\u00eancia de Obras (Geob), da Cesama, Fl\u00e1via Laguardia, avaliou o trabalho de revitaliza\u00e7\u00e3o da unidade, iniciado em julho de 2019: &#8220;Foi uma experi\u00eancia desafiadora e gratificante. As [&hellip;]<\/p>\n","protected":false},"author":96,"featured_media":169321,"comment_status":"closed","ping_status":"closed","sticky":false,"template":"","format":"standard","meta":{"footnotes":""},"categories":[253,436,439],"tags":[],"class_list":["post-169320","post","type-post","status-publish","format-standard","has-post-thumbnail","hentry","category-cidade","category-destaque-da-semana","category-ultima-hora"],"_links":{"self":[{"href":"https:\/\/diarioregionaldigital.com.br\/index.php?rest_route=\/wp\/v2\/posts\/169320","targetHints":{"allow":["GET"]}}],"collection":[{"href":"https:\/\/diarioregionaldigital.com.br\/index.php?rest_route=\/wp\/v2\/posts"}],"about":[{"href":"https:\/\/diarioregionaldigital.com.br\/index.php?rest_route=\/wp\/v2\/types\/post"}],"author":[{"embeddable":true,"href":"https:\/\/diarioregionaldigital.com.br\/index.php?rest_route=\/wp\/v2\/users\/96"}],"replies":[{"embeddable":true,"href":"https:\/\/diarioregionaldigital.com.br\/index.php?rest_route=%2Fwp%2Fv2%2Fcomments&post=169320"}],"version-history":[{"count":0,"href":"https:\/\/diarioregionaldigital.com.br\/index.php?rest_route=\/wp\/v2\/posts\/169320\/revisions"}],"wp:featuredmedia":[{"embeddable":true,"href":"https:\/\/diarioregionaldigital.com.br\/index.php?rest_route=\/wp\/v2\/media\/169321"}],"wp:attachment":[{"href":"https:\/\/diarioregionaldigital.com.br\/index.php?rest_route=%2Fwp%2Fv2%2Fmedia&parent=169320"}],"wp:term":[{"taxonomy":"category","embeddable":true,"href":"https:\/\/diarioregionaldigital.com.br\/index.php?rest_route=%2Fwp%2Fv2%2Fcategories&post=169320"},{"taxonomy":"post_tag","embeddable":true,"href":"https:\/\/diarioregionaldigital.com.br\/index.php?rest_route=%2Fwp%2Fv2%2Ftags&post=169320"}],"curies":[{"name":"wp","href":"https:\/\/api.w.org\/{rel}","templated":true}]}}