{"id":169314,"date":"2020-09-21T18:01:21","date_gmt":"2020-09-21T21:01:21","guid":{"rendered":"https:\/\/diarioregionaldigital.com.br\/?p=169314"},"modified":"2020-09-21T18:01:21","modified_gmt":"2020-09-21T21:01:21","slug":"museu-ferroviario-e-ccbm-participam-da-14a-primavera-dos-museus","status":"publish","type":"post","link":"https:\/\/diarioregionaldigital.com.br\/?p=169314","title":{"rendered":"Museu Ferrovi\u00e1rio e CCBM participam da \u201c14\u00aa Primavera dos Museus\u201d"},"content":{"rendered":"<p>O Museu Ferrovi\u00e1rio de Juiz de Fora e o Centro Cultural \u201cBernardo Mascarenhas\u201d (CCBM) promovem atividades relativas \u00e0 \u201cPrimavera dos Museus\u201d. O evento do Instituto Brasileiro de Museus (Ibram) chega \u00e0 sua 14\u00aa edi\u00e7\u00e3o, mas est\u00e1 estreando no ambiente on-line, seguindo as normas de seguran\u00e7a para conten\u00e7\u00e3o da pandemia de covid-19. As a\u00e7\u00f5es nos dois espa\u00e7os geridos pela Funda\u00e7\u00e3o Cultural \u201cAlfredo Ferreira Lage\u201d (Funalfa) t\u00eam in\u00edcio nesta segunda-feira, 21, e seguem at\u00e9 domingo, 27. Este ano, o tema \u00e9 \u201cMundo Digital: Museus em Transforma\u00e7\u00e3o\u201d.<\/p>\n<p>O Museu Ferrovi\u00e1rio abre a semana lan\u00e7ando no IGTV uma s\u00e9rie de v\u00eddeos, que apresentam os ambientes do equipamento urbano em tour virtual. Al\u00e9m disso, o espa\u00e7o disponibiliza o primeiro epis\u00f3dio do podcast \u201cFerrovi\u00e1rios\u201d, que continuar\u00e1 sua temporada, com epis\u00f3dios quinzenais, mesmo ap\u00f3s o fim da \u201cPrimavera dos Museus\u201d. Os epis\u00f3dios s\u00e3o frutos do projeto \u201cOs Homens que Amavam os Trens\u201d, iniciado h\u00e1 15 anos, com base na coleta de entrevistas com ferrovi\u00e1rios.<\/p>\n<p>No dia 23, quarta-feira, acontecer\u00e1 o lan\u00e7amento do e-book \u201cDe Esta\u00e7\u00e3o em Esta\u00e7\u00e3o\u201d, que funciona como guia dos trajetos antigos de trem, com fotos do passado e novas ilustra\u00e7\u00f5es. O debate \u201cMuseus em Quarentena\u201d, no dia 24, \u00e0s 20 horas, reunir\u00e1 representantes de institui\u00e7\u00f5es do g\u00eanero espalhados pelo pa\u00eds, como Andr\u00e9 Cardoso (Museu do Trem de Recife) e Bartolomeu Homem d`El-Rei Pinto (Museu de Trem do Rio de Janeiro), al\u00e9m de ferrovi\u00e1rios. Ser\u00e3o concedidos certificados aos participantes.<\/p>\n<p>No dia 25, sexta-feira, ser\u00e1 divulgado v\u00eddeo com conta\u00e7\u00e3o de hist\u00f3rias ligadas \u00e0 ferrovia, com foco nas crian\u00e7as e adolescentes. Toda as atividades s\u00e3o planejadas e executadas em parceria com os bolsistas do Projeto de Extens\u00e3o da Universidade Federal de Juiz de Fora (UFJF) \u201cA\u00e7\u00f5es Educativas no Museu Ferrovi\u00e1rio\u201d, e ser\u00e3o oferecidas diretamente no instagram ou em outros sites e plataformas.<\/p>\n<p>J\u00e1 o CCBM postar\u00e1 diariamente, at\u00e9 dia 26, em seu facebook e instagram (@ccbm_jf), obras de dois artistas, de diferentes gera\u00e7\u00f5es. Nomes como Guilherme Melich, Henrique Lott e Renata Dorea est\u00e3o presentes neste conjunto de releituras do espa\u00e7o juiz-forano. A a\u00e7\u00e3o antecipar\u00e1 ao p\u00fablico projeto que est\u00e1 em constru\u00e7\u00e3o, o \u201cCCBM nas escolas\u201d. A ideia \u00e9 expandir as vis\u00f5es art\u00edsticas sobre patrim\u00f4nio, conserva\u00e7\u00e3o e hist\u00f3ria entre as crian\u00e7as e os adolescentes.<\/p>\n<p><b>14\u00aa Primavera dos Museus &#8211; Programa\u00e7\u00e3o<\/b><\/p>\n<p><i>Museu Ferrovi\u00e1rio<\/i><\/p>\n<p>Dia 21<\/p>\n<p>&#8211; Lan\u00e7amentos dos v\u00eddeos Tour Virtual pelo espa\u00e7o no IGTV;<\/p>\n<p>&#8211; Estreia da Primeira Temporada do Podcast \u201cFerrovi\u00e1rios\u201d<\/p>\n<p>Dia 23<\/p>\n<p>&#8211; Lan\u00e7amento do e-book infantojuvenil \u201cDe Esta\u00e7\u00e3o em Esta\u00e7\u00e3o\u201d<\/p>\n<p>Dia 24<\/p>\n<p>&#8211; 20 horas &#8211; Debate \u201cMuseus em Quarentena\u201d, com representantes de museus ferrovi\u00e1rios e trabalhadores da ferrovia do Brasil<\/p>\n<p>Dia 25<\/p>\n<p>&#8211; Estreia do v\u00eddeo com Conta\u00e7\u00e3o de Hist\u00f3rias infantojuvenis com tem\u00e1tica ferrovi\u00e1ria<\/p>\n<p><i>CCBM<\/i><\/p>\n<p>Dia 21 a 26<\/p>\n<p>&#8211; Postagens nas redes sociais de obras de 12 artistas sobre o pr\u00e9dio do CCBM, para o projeto \u201cCCBM nas escolas\u201d.<\/p>\n<p><strong>Fonte:\u00a0<\/strong>Assessoria<\/p>\n","protected":false},"excerpt":{"rendered":"<p>O Museu Ferrovi\u00e1rio de Juiz de Fora e o Centro Cultural \u201cBernardo Mascarenhas\u201d (CCBM) promovem atividades relativas \u00e0 \u201cPrimavera dos Museus\u201d. O evento do Instituto Brasileiro de Museus (Ibram) chega \u00e0 sua 14\u00aa edi\u00e7\u00e3o, mas est\u00e1 estreando no ambiente on-line, seguindo as normas de seguran\u00e7a para conten\u00e7\u00e3o da pandemia de covid-19. As a\u00e7\u00f5es nos dois [&hellip;]<\/p>\n","protected":false},"author":96,"featured_media":169315,"comment_status":"closed","ping_status":"closed","sticky":false,"template":"","format":"standard","meta":{"footnotes":""},"categories":[256,436,439],"tags":[],"class_list":["post-169314","post","type-post","status-publish","format-standard","has-post-thumbnail","hentry","category-cultura","category-destaque-da-semana","category-ultima-hora"],"_links":{"self":[{"href":"https:\/\/diarioregionaldigital.com.br\/index.php?rest_route=\/wp\/v2\/posts\/169314","targetHints":{"allow":["GET"]}}],"collection":[{"href":"https:\/\/diarioregionaldigital.com.br\/index.php?rest_route=\/wp\/v2\/posts"}],"about":[{"href":"https:\/\/diarioregionaldigital.com.br\/index.php?rest_route=\/wp\/v2\/types\/post"}],"author":[{"embeddable":true,"href":"https:\/\/diarioregionaldigital.com.br\/index.php?rest_route=\/wp\/v2\/users\/96"}],"replies":[{"embeddable":true,"href":"https:\/\/diarioregionaldigital.com.br\/index.php?rest_route=%2Fwp%2Fv2%2Fcomments&post=169314"}],"version-history":[{"count":0,"href":"https:\/\/diarioregionaldigital.com.br\/index.php?rest_route=\/wp\/v2\/posts\/169314\/revisions"}],"wp:featuredmedia":[{"embeddable":true,"href":"https:\/\/diarioregionaldigital.com.br\/index.php?rest_route=\/wp\/v2\/media\/169315"}],"wp:attachment":[{"href":"https:\/\/diarioregionaldigital.com.br\/index.php?rest_route=%2Fwp%2Fv2%2Fmedia&parent=169314"}],"wp:term":[{"taxonomy":"category","embeddable":true,"href":"https:\/\/diarioregionaldigital.com.br\/index.php?rest_route=%2Fwp%2Fv2%2Fcategories&post=169314"},{"taxonomy":"post_tag","embeddable":true,"href":"https:\/\/diarioregionaldigital.com.br\/index.php?rest_route=%2Fwp%2Fv2%2Ftags&post=169314"}],"curies":[{"name":"wp","href":"https:\/\/api.w.org\/{rel}","templated":true}]}}