{"id":169311,"date":"2020-09-21T17:57:27","date_gmt":"2020-09-21T20:57:27","guid":{"rendered":"https:\/\/diarioregionaldigital.com.br\/?p=169311"},"modified":"2020-09-21T17:57:27","modified_gmt":"2020-09-21T20:57:27","slug":"museu-apresenta-leque-comemorativo-da-sagracao-de-d-pedro-i","status":"publish","type":"post","link":"https:\/\/diarioregionaldigital.com.br\/?p=169311","title":{"rendered":"Museu apresenta leque comemorativo da Sagra\u00e7\u00e3o de D. Pedro I"},"content":{"rendered":"<p>Nesta edi\u00e7\u00e3o especial do projeto \u201cA Pe\u00e7a da Semana\u201d est\u00e1 sendo apresentado o leque comemorativo da aclama\u00e7\u00e3o de D. Pedro I (1798-1834). O item mede 36x61cm, confeccionado com varetas em char\u00e3o e folhas de papel com ilustra\u00e7\u00f5es em suas duas faces: cena representando a aclama\u00e7\u00e3o do Imperador e, na outra, ilustra\u00e7\u00e3o com motivos florais. A cerim\u00f4nia, em 12 de outubro de 1822, conferia a D. Pedro I o t\u00edtulo de Imperador Constitucional e Defensor Perp\u00e9tuo do Brasil.<\/p>\n<p>O uso de leques comemorativos no Brasil come\u00e7ou no per\u00edodo joanino, estendendo-se seu uso aos Primeiro e Segundo reinados. Datas c\u00edvicas, casamentos, anivers\u00e1rios e coroa\u00e7\u00f5es reais eram perpetuadas atrav\u00e9s desses objetos. As representa\u00e7\u00f5es de D. Pedro I, nesses e em outros objetos, est\u00e3o diretamente relacionadas ao projeto de constru\u00e7\u00e3o do Estado e da imagem da na\u00e7\u00e3o que se formava com o processo de independ\u00eancia.<\/p>\n<p>A cole\u00e7\u00e3o relativa \u00e0 Fam\u00edlia Imperial no acervo da Reserva T\u00e9cnica do Museu &#8220;Mariano Proc\u00f3pio&#8221; envolve diferentes segmentos, como a iconografia da Casa de Bragan\u00e7a, produ\u00e7\u00e3o art\u00edstica dos membros da fam\u00edlia, objetos pessoais e do cotidiano palaciano, ins\u00edgnias e itens comemorativos, como o leque apresentado.<\/p>\n<p><strong>Fonte:<\/strong> Assessoria<\/p>\n","protected":false},"excerpt":{"rendered":"<p>Nesta edi\u00e7\u00e3o especial do projeto \u201cA Pe\u00e7a da Semana\u201d est\u00e1 sendo apresentado o leque comemorativo da aclama\u00e7\u00e3o de D. Pedro I (1798-1834). O item mede 36x61cm, confeccionado com varetas em char\u00e3o e folhas de papel com ilustra\u00e7\u00f5es em suas duas faces: cena representando a aclama\u00e7\u00e3o do Imperador e, na outra, ilustra\u00e7\u00e3o com motivos florais. A [&hellip;]<\/p>\n","protected":false},"author":96,"featured_media":169312,"comment_status":"closed","ping_status":"closed","sticky":false,"template":"","format":"standard","meta":{"footnotes":""},"categories":[256,436,439],"tags":[],"class_list":["post-169311","post","type-post","status-publish","format-standard","has-post-thumbnail","hentry","category-cultura","category-destaque-da-semana","category-ultima-hora"],"_links":{"self":[{"href":"https:\/\/diarioregionaldigital.com.br\/index.php?rest_route=\/wp\/v2\/posts\/169311","targetHints":{"allow":["GET"]}}],"collection":[{"href":"https:\/\/diarioregionaldigital.com.br\/index.php?rest_route=\/wp\/v2\/posts"}],"about":[{"href":"https:\/\/diarioregionaldigital.com.br\/index.php?rest_route=\/wp\/v2\/types\/post"}],"author":[{"embeddable":true,"href":"https:\/\/diarioregionaldigital.com.br\/index.php?rest_route=\/wp\/v2\/users\/96"}],"replies":[{"embeddable":true,"href":"https:\/\/diarioregionaldigital.com.br\/index.php?rest_route=%2Fwp%2Fv2%2Fcomments&post=169311"}],"version-history":[{"count":0,"href":"https:\/\/diarioregionaldigital.com.br\/index.php?rest_route=\/wp\/v2\/posts\/169311\/revisions"}],"wp:featuredmedia":[{"embeddable":true,"href":"https:\/\/diarioregionaldigital.com.br\/index.php?rest_route=\/wp\/v2\/media\/169312"}],"wp:attachment":[{"href":"https:\/\/diarioregionaldigital.com.br\/index.php?rest_route=%2Fwp%2Fv2%2Fmedia&parent=169311"}],"wp:term":[{"taxonomy":"category","embeddable":true,"href":"https:\/\/diarioregionaldigital.com.br\/index.php?rest_route=%2Fwp%2Fv2%2Fcategories&post=169311"},{"taxonomy":"post_tag","embeddable":true,"href":"https:\/\/diarioregionaldigital.com.br\/index.php?rest_route=%2Fwp%2Fv2%2Ftags&post=169311"}],"curies":[{"name":"wp","href":"https:\/\/api.w.org\/{rel}","templated":true}]}}