{"id":169308,"date":"2020-09-21T17:55:42","date_gmt":"2020-09-21T20:55:42","guid":{"rendered":"https:\/\/diarioregionaldigital.com.br\/?p=169308"},"modified":"2020-09-21T17:55:42","modified_gmt":"2020-09-21T20:55:42","slug":"video-exibe-documento-sobre-infancia-dos-filhos-de-d-pedro-i-e-d-leopoldina","status":"publish","type":"post","link":"https:\/\/diarioregionaldigital.com.br\/?p=169308","title":{"rendered":"V\u00eddeo exibe documento sobre inf\u00e2ncia dos filhos de D. Pedro I e D. Leopoldina"},"content":{"rendered":"<p>Dentro da programa\u00e7\u00e3o de conte\u00fados especiais produzidos pelo Museu \u201cMariano Proc\u00f3pio\u201d para a \u201c14\u00aa Primavera dos Museus\u201d est\u00e1 uma s\u00e9rie de v\u00eddeos com conte\u00fados diversos sobre o acervo da institui\u00e7\u00e3o, a serem publicados nas redes sociais, ao longo da semana cultural. O primeiro v\u00eddeo apresentar\u00e1 itens documentais referentes \u00e0 inf\u00e2ncia dos filhos de D. Pedro I (1798-1834) e D. Leopoldina (1797-1826).<\/p>\n<p>A historiadora Priscila Costa Pinheiro aborda, atrav\u00e9s de cartas do acervo, os vest\u00edgios dos filhos de D. Pedro I que permaneceram no Brasil, ap\u00f3s seu retorno a Portugal. Nas correspond\u00eancias, o pr\u00edncipe e as princesas d\u00e3o not\u00edcias sobre seus estudos, bem como perguntam sobre a sa\u00fade do pai e da madrasta, D. Am\u00e9lia, que passam a chamar de \u201cm\u00e3e\u201d. O Imperador teve sete filhos com sua primeira esposa, mas dois morreram ainda muito novos. Em seu retorno a Portugal, apenas a filha mais velha, D. Maria da Gl\u00f3ria (1819-1853) acompanhou o pai, ficando no Brasil, Pedro (D. Pedro II, 1825-1891), e as princesas, D. Janu\u00e1ria (1822-1901), D. Paula (1823-1833) e D. Francisca (1824-1898). A l\u00e9 ;m das cartas, o acervo guarda exerc\u00edcios de caligrafia dos pr\u00edncipes e contas pessoais.<\/p>\n<p><strong>Fonte:\u00a0<\/strong>Assessoria<\/p>\n","protected":false},"excerpt":{"rendered":"<p>Dentro da programa\u00e7\u00e3o de conte\u00fados especiais produzidos pelo Museu \u201cMariano Proc\u00f3pio\u201d para a \u201c14\u00aa Primavera dos Museus\u201d est\u00e1 uma s\u00e9rie de v\u00eddeos com conte\u00fados diversos sobre o acervo da institui\u00e7\u00e3o, a serem publicados nas redes sociais, ao longo da semana cultural. O primeiro v\u00eddeo apresentar\u00e1 itens documentais referentes \u00e0 inf\u00e2ncia dos filhos de D. Pedro [&hellip;]<\/p>\n","protected":false},"author":96,"featured_media":169309,"comment_status":"closed","ping_status":"closed","sticky":false,"template":"","format":"standard","meta":{"footnotes":""},"categories":[256,436,439],"tags":[],"class_list":["post-169308","post","type-post","status-publish","format-standard","has-post-thumbnail","hentry","category-cultura","category-destaque-da-semana","category-ultima-hora"],"_links":{"self":[{"href":"https:\/\/diarioregionaldigital.com.br\/index.php?rest_route=\/wp\/v2\/posts\/169308","targetHints":{"allow":["GET"]}}],"collection":[{"href":"https:\/\/diarioregionaldigital.com.br\/index.php?rest_route=\/wp\/v2\/posts"}],"about":[{"href":"https:\/\/diarioregionaldigital.com.br\/index.php?rest_route=\/wp\/v2\/types\/post"}],"author":[{"embeddable":true,"href":"https:\/\/diarioregionaldigital.com.br\/index.php?rest_route=\/wp\/v2\/users\/96"}],"replies":[{"embeddable":true,"href":"https:\/\/diarioregionaldigital.com.br\/index.php?rest_route=%2Fwp%2Fv2%2Fcomments&post=169308"}],"version-history":[{"count":0,"href":"https:\/\/diarioregionaldigital.com.br\/index.php?rest_route=\/wp\/v2\/posts\/169308\/revisions"}],"wp:featuredmedia":[{"embeddable":true,"href":"https:\/\/diarioregionaldigital.com.br\/index.php?rest_route=\/wp\/v2\/media\/169309"}],"wp:attachment":[{"href":"https:\/\/diarioregionaldigital.com.br\/index.php?rest_route=%2Fwp%2Fv2%2Fmedia&parent=169308"}],"wp:term":[{"taxonomy":"category","embeddable":true,"href":"https:\/\/diarioregionaldigital.com.br\/index.php?rest_route=%2Fwp%2Fv2%2Fcategories&post=169308"},{"taxonomy":"post_tag","embeddable":true,"href":"https:\/\/diarioregionaldigital.com.br\/index.php?rest_route=%2Fwp%2Fv2%2Ftags&post=169308"}],"curies":[{"name":"wp","href":"https:\/\/api.w.org\/{rel}","templated":true}]}}