{"id":169305,"date":"2020-09-21T17:46:11","date_gmt":"2020-09-21T20:46:11","guid":{"rendered":"https:\/\/diarioregionaldigital.com.br\/?p=169305"},"modified":"2020-09-21T17:46:11","modified_gmt":"2020-09-21T20:46:11","slug":"prefeitura-suspende-retomada-das-aulas-presenciais-no-colegio-militar","status":"publish","type":"post","link":"https:\/\/diarioregionaldigital.com.br\/?p=169305","title":{"rendered":"Prefeitura suspende retomada das aulas presenciais no Col\u00e9gio Militar"},"content":{"rendered":"<p><span style=\"font-weight: 400;\">Ap\u00f3s a Prefeitura de Juiz de Fora (PJF), publicar o Decreto N\u00ba 14.099, o Col\u00e9gio Militar emitiu um comunicado oficial, informando a suspens\u00e3o da retomada das aulas presenciais, que estavam marcadas para essa segunda-feira (21).<\/span><\/p>\n<p><span style=\"font-weight: 400;\">Na \u00faltima semana, a institui\u00e7\u00e3o divulgou o protocolo sanit\u00e1rio, produzido junto com a Diretoria de Educa\u00e7\u00e3o Preparat\u00f3ria e Assistencial (DEPA), respons\u00e1vel pela coordena\u00e7\u00e3o, controle e supervis\u00e3o das atividades dos Minist\u00e9rios da Defesa, da Educa\u00e7\u00e3o e da Sa\u00fade, do Comando do Ex\u00e9rcito e os Col\u00e9gios Militares (CM), embasada nas orienta\u00e7\u00f5es dos do Departamento de Educa\u00e7\u00e3o e Cultura do Ex\u00e9rcito (DECEx).<\/span><\/p>\n<p><span style=\"font-weight: 400;\">Ap\u00f3s a publica\u00e7\u00e3o do documento, o Comit\u00ea Municipal de Enfrentamento e Preven\u00e7\u00e3o \u00e0 Covid-19, junto com participa\u00e7\u00e3o do prefeito Ant\u00f4nio Almas (PSDB), se reuniram na noite de quinta-feira (17) e vetaram a retomada das atividades presenciais no CMJF. l\u00e9m disso, o prefeito Ant\u00f4nio Almas, diz que as normas previstas em Decreto, valem para todas as escolas das redes p\u00fablicas municipal, estadual e federal, bem como \u00e0s escolas da rede privada de ensino, como previsto no Decreto.<\/span><\/p>\n<p><span style=\"font-weight: 400;\">A institui\u00e7\u00e3o divulgou um comunicado, assinado pelo\u00a0 Hervel Queiroz de Souza, Comandante e Diretor de Ensino, o qual informa sobre o cancelamento da retomada das aulas presenciais:<\/span><\/p>\n<p><i><span style=\"font-weight: 400;\">\u201cO Col\u00e9gio Militar de Juiz de Fora tem seguido irrestritamente as orienta\u00e7\u00f5es sanit\u00e1rias em rela\u00e7\u00e3o ao Covid-19. O Comando do CMJF vem acompanhando atentamente a evolu\u00e7\u00e3o da crise do Coronav\u00edrus e seus desdobramentos da sociedade. Todas as decis\u00f5es tomadas est\u00e3o de acordo com as diretrizes do Departamento de Educa\u00e7\u00e3o e Cultura do Ex\u00e9rcito, bem como da Diretoria de Educa\u00e7\u00e3o Preparat\u00f3ria e Assistencial.\u00a0<\/span><\/i><\/p>\n<p><i><span style=\"font-weight: 400;\">Diante do exposto, informamos que as aulas presenciais no CMJF seguir\u00e3o suspensas at\u00e9 segunda ordem\u201d. <\/span><\/i><\/p>\n","protected":false},"excerpt":{"rendered":"<p>Ap\u00f3s a Prefeitura de Juiz de Fora (PJF), publicar o Decreto N\u00ba 14.099, o Col\u00e9gio Militar emitiu um comunicado oficial, informando a suspens\u00e3o da retomada das aulas presenciais, que estavam marcadas para essa segunda-feira (21). Na \u00faltima semana, a institui\u00e7\u00e3o divulgou o protocolo sanit\u00e1rio, produzido junto com a Diretoria de Educa\u00e7\u00e3o Preparat\u00f3ria e Assistencial (DEPA), [&hellip;]<\/p>\n","protected":false},"author":96,"featured_media":169306,"comment_status":"closed","ping_status":"closed","sticky":false,"template":"","format":"standard","meta":{"footnotes":""},"categories":[253,436,440,439],"tags":[],"class_list":["post-169305","post","type-post","status-publish","format-standard","has-post-thumbnail","hentry","category-cidade","category-destaque-da-semana","category-destaques-do-dia","category-ultima-hora"],"_links":{"self":[{"href":"https:\/\/diarioregionaldigital.com.br\/index.php?rest_route=\/wp\/v2\/posts\/169305","targetHints":{"allow":["GET"]}}],"collection":[{"href":"https:\/\/diarioregionaldigital.com.br\/index.php?rest_route=\/wp\/v2\/posts"}],"about":[{"href":"https:\/\/diarioregionaldigital.com.br\/index.php?rest_route=\/wp\/v2\/types\/post"}],"author":[{"embeddable":true,"href":"https:\/\/diarioregionaldigital.com.br\/index.php?rest_route=\/wp\/v2\/users\/96"}],"replies":[{"embeddable":true,"href":"https:\/\/diarioregionaldigital.com.br\/index.php?rest_route=%2Fwp%2Fv2%2Fcomments&post=169305"}],"version-history":[{"count":0,"href":"https:\/\/diarioregionaldigital.com.br\/index.php?rest_route=\/wp\/v2\/posts\/169305\/revisions"}],"wp:featuredmedia":[{"embeddable":true,"href":"https:\/\/diarioregionaldigital.com.br\/index.php?rest_route=\/wp\/v2\/media\/169306"}],"wp:attachment":[{"href":"https:\/\/diarioregionaldigital.com.br\/index.php?rest_route=%2Fwp%2Fv2%2Fmedia&parent=169305"}],"wp:term":[{"taxonomy":"category","embeddable":true,"href":"https:\/\/diarioregionaldigital.com.br\/index.php?rest_route=%2Fwp%2Fv2%2Fcategories&post=169305"},{"taxonomy":"post_tag","embeddable":true,"href":"https:\/\/diarioregionaldigital.com.br\/index.php?rest_route=%2Fwp%2Fv2%2Ftags&post=169305"}],"curies":[{"name":"wp","href":"https:\/\/api.w.org\/{rel}","templated":true}]}}