{"id":169302,"date":"2020-09-21T17:23:36","date_gmt":"2020-09-21T20:23:36","guid":{"rendered":"https:\/\/diarioregionaldigital.com.br\/?p=169302"},"modified":"2020-09-21T17:23:36","modified_gmt":"2020-09-21T20:23:36","slug":"educacao-inicia-parceria-com-camara-para-apresentacao-de-conteudo-na-tv","status":"publish","type":"post","link":"https:\/\/diarioregionaldigital.com.br\/?p=169302","title":{"rendered":"Educa\u00e7\u00e3o inicia parceria com C\u00e2mara para apresenta\u00e7\u00e3o de conte\u00fado na TV"},"content":{"rendered":"<p><span style=\"font-weight: 400;\">A partir desta ter\u00e7a-feira (22), alunos da rede municipal de ensino ter\u00e3o acesso \u00e0 programa\u00e7\u00e3o educativa exibida pela televis\u00e3o. A iniciativa \u00e9 resultado da parceria entre Secretaria de Educa\u00e7\u00e3o (SE) da Prefeitura de Juiz de Fora (PJF) e C\u00e2mara Municipal.<\/span><\/p>\n<p><span style=\"font-weight: 400;\">Dentre os materiais a serem apresentados est\u00e3o dois projetos: o \u201cCadinho de Prosa\u201d, iniciativa da pr\u00f3pria secretaria, e o \u201cVamos Aprender\u201d, que tem a participa\u00e7\u00e3o de diversas entidades, entre elas a Uni\u00e3o Nacional dos Dirigentes Municipais de Educa\u00e7\u00e3o (Undime) e o Conselho Nacional dos Secret\u00e1rios de Educa\u00e7\u00e3o (Consed), com apoio das funda\u00e7\u00f5es \u201cLemann\u201d e \u201cRoberto Marinho\u201d, do Centro de Inova\u00e7\u00e3o para a Educa\u00e7\u00e3o Brasileira (Cieb) e da Organiza\u00e7\u00e3o das Na\u00e7\u00f5es Unidas para a Educa\u00e7\u00e3o, a Ci\u00eancia e a Cultura (Unesco).<\/span><\/p>\n<p><b>Programa\u00e7\u00e3o<\/b><\/p>\n<p><span style=\"font-weight: 400;\">A programa\u00e7\u00e3o ser\u00e1 exibida na JFTV C\u00e2mara, canal 35.1, \u00e0s ter\u00e7as, quartas e quintas-feiras, de 9 \u00e0s 11 horas, com reprise \u00e0s sextas-feiras, de 14 horas \u00e0s 19h30.<\/span><\/p>\n<p><b>\u201cCadinho de Prosa\u201d<\/b><\/p>\n<p><span style=\"font-weight: 400;\">Elaborado pela SE, o projeto tem como objetivo favorecer articula\u00e7\u00f5es pedag\u00f3gicas neste per\u00edodo de isolamento social, proveniente das medidas sanit\u00e1rias de combate ao novo coronav\u00edrus (covid-19). A a\u00e7\u00e3o cria percurso singular para a educa\u00e7\u00e3o no Munic\u00edpio, distanciando-se de proposta que se baseia em aulas remotas.<\/span><\/p>\n<p><span style=\"font-weight: 400;\">Dentro desta proposta foram elaborados, inicialmente, oito programas televisivos, que estar\u00e3o presentes na TV C\u00e2mara, levando atividades pensadas para o p\u00fablico da rede municipal de ensino.<\/span><\/p>\n<p><b>\u201cVamos Aprender\u201d<\/b><\/p>\n<p><span style=\"font-weight: 400;\">O projeto foi desenvolvido pela Undime e o Consed, com apoio das funda\u00e7\u00f5es \u201cLemann\u201d e \u201cRoberto Marinho\u201d, do Cieb e da Unesco. O \u201cVamos Aprender\u201d disponibiliza, gratuitamente, programas educativos para redes de ensino, com conte\u00fado dirigido a alunos de todas as etapas da educa\u00e7\u00e3o b\u00e1sica: infantil, anos iniciais e finais dos ensinos fundamental e m\u00e9dio. O conte\u00fado oferecido conta com parceria de v\u00e1rias institui\u00e7\u00f5es, como Canal Futura, Khan Academy e MultiRio, entre outras, que disponibilizaram gratuitamente seus materiais pedag\u00f3gicos.<\/span><\/p>\n<p><span style=\"font-weight: 400;\">Ser\u00e3o 320 programas pedag\u00f3gicos dispon\u00edveis, envolvendo desde v\u00eddeos interativos, com conte\u00fado did\u00e1tico e exerc\u00edcios, at\u00e9 textos e orienta\u00e7\u00f5es. Todas as \u00e1reas de conhecimento s\u00e3o contempladas.<\/span><\/p>\n<p><span style=\"font-weight: 400;\">Para a secret\u00e1ria de Educa\u00e7\u00e3o da PJF, Denise Vieira Franco, \u201ca parceria da Secretaria de Educa\u00e7\u00e3o de Juiz de Fora com o \u00b4Vamos Aprender` \u00e9 mais uma possibilidade de agregar a tudo o que as escolas v\u00eam fazendo, a partir do \u00b4Cadinho de Prosa`. Seus projetos educacionais, as entregas de atividades presenciais, a articula\u00e7\u00e3o com facebook e whatsapp s\u00e3o elementos que, conjugados, favorecem a aprendizagem dos alunos. Ent\u00e3o, nosso trabalho \u00e9 coordenar todas essas atividades, para que possa ser minimizado o impacto dessa pandemia na aprendizagem das crian\u00e7as e adolescentes da rede municipal. Nesse sentido, acredito ser importante a divulga\u00e7\u00e3o nas comunidades, para que as crian\u00e7as acompanhem os projetos \u00b4Cadinho de Prosa` e \u00b4Vamos Aprender`, a partir da JFTV C\u00e2mara, juntamente com as atividades encaminhadas pelos professores nas escolas, tendo em vista que essa soma de esfor\u00e7os visa empreender a\u00e7\u00e3o educativa em tempos de isolamento social, e a presen\u00e7a da comunidade, ao buscar as atividades, \u00e9 de suma import\u00e2ncia\u201d.<\/span><\/p>\n<p><span style=\"font-weight: 400;\">&#8220;Essa \u00e9 uma estrat\u00e9gia que os munic\u00edpios podem adotar neste momento que estamos vivendo, no qual as aulas est\u00e3o suspensas em fun\u00e7\u00e3o da pandemia. A televis\u00e3o tem potencial muito grande. Nos munic\u00edpios maiores, sabemos a for\u00e7a que tem, e nos menores, muitas vezes \u00e9 o ve\u00edculo mais utilizado. Em meio ao isolamento social e suspens\u00e3o das aulas presenciais, essa \u00e9 uma maneira de criar momentos para que as crian\u00e7as tenham rotina e continuem sendo estimuladas a aprender&#8221;, comentou Luiz Miguel Martins Garcia, dirigente Municipal de Educa\u00e7\u00e3o de Sud Mennucci\/SP e pre<\/span><\/p>\n<p><span style=\"font-weight: 400;\">sidente da Undime.<\/span><\/p>\n<p><span style=\"font-weight: 400;\">O diretor-executivo da Funda\u00e7\u00e3o \u201cLemann\u201d, Denis Mizne, considera este \u201cum importante passo para que o ensino remoto alcance todos os estudantes, como aqueles que n\u00e3o t\u00eam acesso \u00e0 internet. \u00c9 importante que os alunos brasileiros continuem aprendendo e se desenvolvendo durante o isolamento social\u201d.<\/span><\/p>\n<p><strong>Fonte:<\/strong> Assessoria<\/p>\n","protected":false},"excerpt":{"rendered":"<p>A partir desta ter\u00e7a-feira (22), alunos da rede municipal de ensino ter\u00e3o acesso \u00e0 programa\u00e7\u00e3o educativa exibida pela televis\u00e3o. A iniciativa \u00e9 resultado da parceria entre Secretaria de Educa\u00e7\u00e3o (SE) da Prefeitura de Juiz de Fora (PJF) e C\u00e2mara Municipal. Dentre os materiais a serem apresentados est\u00e3o dois projetos: o \u201cCadinho de Prosa\u201d, iniciativa da [&hellip;]<\/p>\n","protected":false},"author":96,"featured_media":169303,"comment_status":"closed","ping_status":"closed","sticky":false,"template":"","format":"standard","meta":{"footnotes":""},"categories":[253,436,439],"tags":[],"class_list":["post-169302","post","type-post","status-publish","format-standard","has-post-thumbnail","hentry","category-cidade","category-destaque-da-semana","category-ultima-hora"],"_links":{"self":[{"href":"https:\/\/diarioregionaldigital.com.br\/index.php?rest_route=\/wp\/v2\/posts\/169302","targetHints":{"allow":["GET"]}}],"collection":[{"href":"https:\/\/diarioregionaldigital.com.br\/index.php?rest_route=\/wp\/v2\/posts"}],"about":[{"href":"https:\/\/diarioregionaldigital.com.br\/index.php?rest_route=\/wp\/v2\/types\/post"}],"author":[{"embeddable":true,"href":"https:\/\/diarioregionaldigital.com.br\/index.php?rest_route=\/wp\/v2\/users\/96"}],"replies":[{"embeddable":true,"href":"https:\/\/diarioregionaldigital.com.br\/index.php?rest_route=%2Fwp%2Fv2%2Fcomments&post=169302"}],"version-history":[{"count":0,"href":"https:\/\/diarioregionaldigital.com.br\/index.php?rest_route=\/wp\/v2\/posts\/169302\/revisions"}],"wp:featuredmedia":[{"embeddable":true,"href":"https:\/\/diarioregionaldigital.com.br\/index.php?rest_route=\/wp\/v2\/media\/169303"}],"wp:attachment":[{"href":"https:\/\/diarioregionaldigital.com.br\/index.php?rest_route=%2Fwp%2Fv2%2Fmedia&parent=169302"}],"wp:term":[{"taxonomy":"category","embeddable":true,"href":"https:\/\/diarioregionaldigital.com.br\/index.php?rest_route=%2Fwp%2Fv2%2Fcategories&post=169302"},{"taxonomy":"post_tag","embeddable":true,"href":"https:\/\/diarioregionaldigital.com.br\/index.php?rest_route=%2Fwp%2Fv2%2Ftags&post=169302"}],"curies":[{"name":"wp","href":"https:\/\/api.w.org\/{rel}","templated":true}]}}