{"id":169299,"date":"2020-09-21T17:17:05","date_gmt":"2020-09-21T20:17:05","guid":{"rendered":"https:\/\/diarioregionaldigital.com.br\/?p=169299"},"modified":"2020-09-21T17:17:05","modified_gmt":"2020-09-21T20:17:05","slug":"governo-avalia-utilizacao-de-leitos-criados-em-minas","status":"publish","type":"post","link":"https:\/\/diarioregionaldigital.com.br\/?p=169299","title":{"rendered":"Governo avalia utiliza\u00e7\u00e3o de leitos criados em Minas"},"content":{"rendered":"<p>Em coletiva virtual desta segunda-feira (21\/9), o secret\u00e1rio de Estado de\u00a0<a href=\"http:\/\/saude.mg.gov.br\/\" target=\"_blank\" rel=\"noopener noreferrer\">Sa\u00fade<\/a>\u00a0de Minas Gerais, Carlos Eduardo Amaral, falou sobre os planos do Governo\u00a0de Minas\u00a0para os leitos criados durante esse per\u00edodo.<\/p>\n<p>\u201cPara garantir assist\u00eancia aos pacientes com covid-19, fizemos uma expans\u00e3o muito grande no n\u00famero de leitos, acima do que seriam as demandas que temos em situa\u00e7\u00f5es normais no estado. Ent\u00e3o, isso ser\u00e1 avaliado progressivamente, para que possamos definir onde ser\u00e1 preciso manter esses novos leitos e quais seriam as caracter\u00edsticas de cada de cada um\u201d, explicou.<\/p>\n<p><strong>Leitos<\/strong><\/p>\n<p>Atualmente, est\u00e3o cadastrados no SUS, em Minas Gerais, 20.922 leitos de enfermaria e 3.902 leitos de UTI. A taxa de ocupa\u00e7\u00e3o geral de leitos de UTI est\u00e1 em 63,95% e de leitos de enfermaria est\u00e1 em 60,81%.<\/p>\n<p>Ainda de acordo com Carlos Eduardo Amaral, o Conselho Nacional de Secret\u00e1rios Estaduais de Sa\u00fade (Conass), o Conselho de Secret\u00e1rios Municipais de Sa\u00fade (Cosems-MG) e o Minist\u00e9rio da Sa\u00fade buscam formas de a\u00e7\u00e3o conjunta, principalmente para o financiamento desses leitos no futuro.<\/p>\n<p>\u201cEstamos estudando as op\u00e7\u00f5es vi\u00e1veis, mas refor\u00e7amos que, neste momento, seguimos focados em trabalhar no controle da pandemia em Minas, que ainda n\u00e3o terminou\u201d, pontuou o secret\u00e1rio.<\/p>\n<p><strong>Recuperados<\/strong><\/p>\n<p>Minas Gerais registrou, at\u00e9 o momento, 271.194 casos confirmados da covid-19. Desse total, 237.429 pessoas se recuperaram da doen\u00e7a. Ao longo da coletiva, Carlos Eduardo Amaral destacou as recomenda\u00e7\u00f5es para esses casos. \u201cAinda h\u00e1 poucas evid\u00eancias quanto ao momento exato em que pessoas que tiveram a doen\u00e7a deixam de transmiti-la. Por isso, as recomenda\u00e7\u00f5es b\u00e1sicas, como uso de m\u00e1scara e distanciamento social, se mant\u00eam mesmo para os curados\u201d, afirmou.<\/p>\n<p>Ainda de acordo com o secret\u00e1rio de Estado de Sa\u00fade, a possibilidade de reinfec\u00e7\u00e3o tamb\u00e9m refor\u00e7a a necessidade de se manter as medidas de preven\u00e7\u00e3o \u00e0 covid-19, independente se a pessoa j\u00e1 teve ou n\u00e3o a doen\u00e7a.<\/p>\n<p><strong>Aten\u00e7\u00e3o hospitalar<\/strong><\/p>\n<p>Na ocasi\u00e3o, Carlos Eduardo Amaral tamb\u00e9m falou sobre a Nova Pol\u00edtica de Aten\u00e7\u00e3o Hospitalar do Estado de Minas Gerais (PAH) \u2013 Valora Minas. \u201cDentre os objetivos, podemos destacar a amplia\u00e7\u00e3o ao acesso \u00e0 Sa\u00fade, o aperfei\u00e7oamento na regionaliza\u00e7\u00e3o da assist\u00eancia e a garantia de mais transpar\u00eancia aos investimentos\u201d, afirmou o secret\u00e1rio.<\/p>\n<p>Aprovada pela\u00a0<a href=\"http:\/\/saude.mg.gov.br\/\" target=\"_blank\" rel=\"noopener noreferrer\">Secretaria de Estado de Sa\u00fade (SES-MG)<\/a>\u00a0e pelo Cosems-MG, a nova estrutura leva em considera\u00e7\u00e3o as necessidades da popula\u00e7\u00e3o.<\/p>\n<p><strong>Fonte:\u00a0<\/strong>Ag\u00eancia Minas<\/p>\n","protected":false},"excerpt":{"rendered":"<p>Em coletiva virtual desta segunda-feira (21\/9), o secret\u00e1rio de Estado de\u00a0Sa\u00fade\u00a0de Minas Gerais, Carlos Eduardo Amaral, falou sobre os planos do Governo\u00a0de Minas\u00a0para os leitos criados durante esse per\u00edodo. \u201cPara garantir assist\u00eancia aos pacientes com covid-19, fizemos uma expans\u00e3o muito grande no n\u00famero de leitos, acima do que seriam as demandas que temos em situa\u00e7\u00f5es [&hellip;]<\/p>\n","protected":false},"author":96,"featured_media":169300,"comment_status":"closed","ping_status":"closed","sticky":false,"template":"","format":"standard","meta":{"footnotes":""},"categories":[436,440,254,439],"tags":[],"class_list":["post-169299","post","type-post","status-publish","format-standard","has-post-thumbnail","hentry","category-destaque-da-semana","category-destaques-do-dia","category-politica","category-ultima-hora"],"_links":{"self":[{"href":"https:\/\/diarioregionaldigital.com.br\/index.php?rest_route=\/wp\/v2\/posts\/169299","targetHints":{"allow":["GET"]}}],"collection":[{"href":"https:\/\/diarioregionaldigital.com.br\/index.php?rest_route=\/wp\/v2\/posts"}],"about":[{"href":"https:\/\/diarioregionaldigital.com.br\/index.php?rest_route=\/wp\/v2\/types\/post"}],"author":[{"embeddable":true,"href":"https:\/\/diarioregionaldigital.com.br\/index.php?rest_route=\/wp\/v2\/users\/96"}],"replies":[{"embeddable":true,"href":"https:\/\/diarioregionaldigital.com.br\/index.php?rest_route=%2Fwp%2Fv2%2Fcomments&post=169299"}],"version-history":[{"count":0,"href":"https:\/\/diarioregionaldigital.com.br\/index.php?rest_route=\/wp\/v2\/posts\/169299\/revisions"}],"wp:featuredmedia":[{"embeddable":true,"href":"https:\/\/diarioregionaldigital.com.br\/index.php?rest_route=\/wp\/v2\/media\/169300"}],"wp:attachment":[{"href":"https:\/\/diarioregionaldigital.com.br\/index.php?rest_route=%2Fwp%2Fv2%2Fmedia&parent=169299"}],"wp:term":[{"taxonomy":"category","embeddable":true,"href":"https:\/\/diarioregionaldigital.com.br\/index.php?rest_route=%2Fwp%2Fv2%2Fcategories&post=169299"},{"taxonomy":"post_tag","embeddable":true,"href":"https:\/\/diarioregionaldigital.com.br\/index.php?rest_route=%2Fwp%2Fv2%2Ftags&post=169299"}],"curies":[{"name":"wp","href":"https:\/\/api.w.org\/{rel}","templated":true}]}}