{"id":169296,"date":"2020-09-21T16:30:56","date_gmt":"2020-09-21T19:30:56","guid":{"rendered":"https:\/\/diarioregionaldigital.com.br\/?p=169296"},"modified":"2020-09-21T16:30:56","modified_gmt":"2020-09-21T19:30:56","slug":"conmebol-divulga-horarios-das-primeiras-rodadas-das-eliminatorias","status":"publish","type":"post","link":"https:\/\/diarioregionaldigital.com.br\/?p=169296","title":{"rendered":"Conmebol divulga hor\u00e1rios das primeiras rodadas das Eliminat\u00f3rias"},"content":{"rendered":"<p><span style=\"font-weight: 400;\">A Confedera\u00e7\u00e3o Sul-Americana de Futebol (Conmebol), divulgou nessa segunda-feira (21), os hor\u00e1rios, datas e locais das duas primeiras rodadas das Eliminat\u00f3rias da Copa do Mundo Catar 2022. A entidade m\u00e1xima do futebol sul-americano aguarda posicionamento da FIFA, sobre o protocolo para realiza\u00e7\u00e3o de partidas internacionais. O Brasil estreia no dia 9 de outubro contra a Bol\u00edvia, \u00e0s 21h30 na Neo Qu\u00edmica Arena em S\u00e3o Paulo. O segundo compromisso da Sele\u00e7\u00e3o ser\u00e1 no dia 13, contra o Peru na capital Lima, \u00e0s 21h15.<\/span><\/p>\n<p><span style=\"font-weight: 400;\">Todos os 23 jogadores convocados pelo t\u00e9cnico Tite, ir\u00e3o se apresentar na Granja Comary em Teres\u00f3polis-RJ, no dia 5 de outubro. Como estabelecido pelo Departamento M\u00e9dico da Confedera\u00e7\u00e3o Brasileira de Futebol (CBF), todos os atletas e membros da comiss\u00e3o t\u00e9cnica, devem passar por todos os testes de detec\u00e7\u00e3o do novo Coronav\u00edrus.<\/span><\/p>\n<p><b>Tabela de jogos<\/b><\/p>\n<p><b>1\u00aa RODADA:<\/b><\/p>\n<p><b>08\/10<\/b><\/p>\n<p><span style=\"font-weight: 400;\">Paraguai x Peru &#8211; Assun\u00e7\u00e3o (19h30)<\/span><\/p>\n<p><span style=\"font-weight: 400;\">Uruguai x Chile &#8211; Montevideo (19h45)<\/span><\/p>\n<p><span style=\"font-weight: 400;\">Argentina x Equador &#8211; Buenos Aires (21h10)<\/span><\/p>\n<p><b>09\/10<\/b><\/p>\n<p><span style=\"font-weight: 400;\">Col\u00f4mbia x Venezuela &#8211; Barranquilla (18h30)<\/span><\/p>\n<p><b>Brasil <\/b><span style=\"font-weight: 400;\">x Bol\u00edvia &#8211; S\u00e3o Paulo (21h30)<\/span><\/p>\n<p><b>2\u00aa RODADA:<\/b><\/p>\n<p><b>13\/10<\/b><\/p>\n<p><span style=\"font-weight: 400;\">Venezuela x Paraguai &#8211; M\u00e9rida (18h00)<\/span><\/p>\n<p><span style=\"font-weight: 400;\">Equador x Uruguai &#8211; Quito (16h00)<\/span><\/p>\n<p><span style=\"font-weight: 400;\">Bol\u00edvia x Argentina &#8211; La Paz (16h00)<\/span><\/p>\n<p><span style=\"font-weight: 400;\">Chile x Col\u00f4mbia &#8211; Santiago (20h00)<\/span><\/p>\n<p><span style=\"font-weight: 400;\">Peru x <\/span><b>Brasil <\/b><span style=\"font-weight: 400;\">&#8211; Lima (21h15)<\/span><\/p>\n<p>&nbsp;<\/p>\n","protected":false},"excerpt":{"rendered":"<p>A Confedera\u00e7\u00e3o Sul-Americana de Futebol (Conmebol), divulgou nessa segunda-feira (21), os hor\u00e1rios, datas e locais das duas primeiras rodadas das Eliminat\u00f3rias da Copa do Mundo Catar 2022. A entidade m\u00e1xima do futebol sul-americano aguarda posicionamento da FIFA, sobre o protocolo para realiza\u00e7\u00e3o de partidas internacionais. O Brasil estreia no dia 9 de outubro contra a [&hellip;]<\/p>\n","protected":false},"author":96,"featured_media":169297,"comment_status":"closed","ping_status":"closed","sticky":false,"template":"","format":"standard","meta":{"footnotes":""},"categories":[436,257,439],"tags":[],"class_list":["post-169296","post","type-post","status-publish","format-standard","has-post-thumbnail","hentry","category-destaque-da-semana","category-esporte","category-ultima-hora"],"_links":{"self":[{"href":"https:\/\/diarioregionaldigital.com.br\/index.php?rest_route=\/wp\/v2\/posts\/169296","targetHints":{"allow":["GET"]}}],"collection":[{"href":"https:\/\/diarioregionaldigital.com.br\/index.php?rest_route=\/wp\/v2\/posts"}],"about":[{"href":"https:\/\/diarioregionaldigital.com.br\/index.php?rest_route=\/wp\/v2\/types\/post"}],"author":[{"embeddable":true,"href":"https:\/\/diarioregionaldigital.com.br\/index.php?rest_route=\/wp\/v2\/users\/96"}],"replies":[{"embeddable":true,"href":"https:\/\/diarioregionaldigital.com.br\/index.php?rest_route=%2Fwp%2Fv2%2Fcomments&post=169296"}],"version-history":[{"count":0,"href":"https:\/\/diarioregionaldigital.com.br\/index.php?rest_route=\/wp\/v2\/posts\/169296\/revisions"}],"wp:featuredmedia":[{"embeddable":true,"href":"https:\/\/diarioregionaldigital.com.br\/index.php?rest_route=\/wp\/v2\/media\/169297"}],"wp:attachment":[{"href":"https:\/\/diarioregionaldigital.com.br\/index.php?rest_route=%2Fwp%2Fv2%2Fmedia&parent=169296"}],"wp:term":[{"taxonomy":"category","embeddable":true,"href":"https:\/\/diarioregionaldigital.com.br\/index.php?rest_route=%2Fwp%2Fv2%2Fcategories&post=169296"},{"taxonomy":"post_tag","embeddable":true,"href":"https:\/\/diarioregionaldigital.com.br\/index.php?rest_route=%2Fwp%2Fv2%2Ftags&post=169296"}],"curies":[{"name":"wp","href":"https:\/\/api.w.org\/{rel}","templated":true}]}}