{"id":169293,"date":"2020-09-21T16:11:48","date_gmt":"2020-09-21T19:11:48","guid":{"rendered":"https:\/\/diarioregionaldigital.com.br\/?p=169293"},"modified":"2020-09-21T16:11:48","modified_gmt":"2020-09-21T19:11:48","slug":"gp-de-eifel-em-nurburgring-tera-acesso-limitado-do-publico","status":"publish","type":"post","link":"https:\/\/diarioregionaldigital.com.br\/?p=169293","title":{"rendered":"GP de Eifel em Nurburgring ter\u00e1 acesso limitado do p\u00fablico"},"content":{"rendered":"<p><span style=\"font-weight: 400;\">A dire\u00e7\u00e3o do Aut\u00f3dromo de Nurburgring na Alemanha, informa que o GP de Eifel, receber\u00e1 acesso limitado de at\u00e9 20 mil pessoas, durante o fim de semana dos dias 9,10 e 11 de outubro. A venda de ingressos ser\u00e1 dividida em lotes e todos os protocolos de seguran\u00e7a e preven\u00e7\u00e3o ao Coronav\u00edrus estar\u00e3o em extremo vigor. A organiza\u00e7\u00e3o informa tamb\u00e9m que os bilhetes ser\u00e3o disponibilizados, \u00e0 medida em que a situa\u00e7\u00e3o do coronav\u00edrus na regi\u00e3o do circuito for avaliada como segura.\u00a0<\/span><\/p>\n<p><span style=\"font-weight: 400;\">Segundo o diretor do Aut\u00f3dromo de Nurburgring, Mirco Markfort, diz que a iniciativa \u00e9 uma oportunidade para os f\u00e3s de poder acompanhar a prova e o plano segue todos os protocolos de preven\u00e7\u00e3o \u00e0 doen\u00e7a:<\/span><\/p>\n<p><span style=\"font-weight: 400;\">\u201cClaro que em tempos de coronav\u00edrus, com o enorme esfor\u00e7o de pessoal e planejamento que a prova demanda, tudo \u00e9 uma quest\u00e3o de custo. Mas tamb\u00e9m \u00e9 uma quest\u00e3o de dar aos f\u00e3s a oportunidade de ter condi\u00e7\u00f5es de adquirir os ingressos e participar da corrida de forma segura\u201d\u00a0<\/span><\/p>\n<p><span style=\"font-weight: 400;\">Diante deste cen\u00e1rio, ser\u00e1 a terceira etapa do calend\u00e1rio adaptado da temporada 2020 da F1, a contar com a presen\u00e7a dos torcedores nos aut\u00f3dromos. O primeiro teste com p\u00fablico foi feito no GP da Toscana, em Mugello na It\u00e1lia, o qual teve a presen\u00e7a de 13.000 torcedores. Al\u00e9m disso, o GP da R\u00fassia em Sochi, tamb\u00e9m ser\u00e1 com port\u00f5es abertos e os ingressos disponibilizados de forma limitada, foram esgotados.<\/span><\/p>\n<p><span style=\"font-weight: 400;\">De fora do calend\u00e1rio desde 2013, o Circuito de Nurburgring, voltar\u00e1 a receber a principal categoria do automobilismo mundial, ap\u00f3s ser inclu\u00eddo no cronograma da temporada, em decorr\u00eancia da aus\u00eancia de outras pistas, as quais ficaram de fora por conta do cen\u00e1rio atual do Covid-19 pelo mundo. O \u00faltimo vencedor no aut\u00f3dromo alem\u00e3o, foi Sebastian Vettel, com a Red Bull e curiosamente, ser\u00e1 a primeira vez que o circuito receber\u00e1 a chamada \u201cEra dos Motores Turbos H\u00edbridos\u201d.<\/span><\/p>\n","protected":false},"excerpt":{"rendered":"<p>A dire\u00e7\u00e3o do Aut\u00f3dromo de Nurburgring na Alemanha, informa que o GP de Eifel, receber\u00e1 acesso limitado de at\u00e9 20 mil pessoas, durante o fim de semana dos dias 9,10 e 11 de outubro. A venda de ingressos ser\u00e1 dividida em lotes e todos os protocolos de seguran\u00e7a e preven\u00e7\u00e3o ao Coronav\u00edrus estar\u00e3o em extremo [&hellip;]<\/p>\n","protected":false},"author":96,"featured_media":169294,"comment_status":"closed","ping_status":"closed","sticky":false,"template":"","format":"standard","meta":{"footnotes":""},"categories":[436,257,439],"tags":[],"class_list":["post-169293","post","type-post","status-publish","format-standard","has-post-thumbnail","hentry","category-destaque-da-semana","category-esporte","category-ultima-hora"],"_links":{"self":[{"href":"https:\/\/diarioregionaldigital.com.br\/index.php?rest_route=\/wp\/v2\/posts\/169293","targetHints":{"allow":["GET"]}}],"collection":[{"href":"https:\/\/diarioregionaldigital.com.br\/index.php?rest_route=\/wp\/v2\/posts"}],"about":[{"href":"https:\/\/diarioregionaldigital.com.br\/index.php?rest_route=\/wp\/v2\/types\/post"}],"author":[{"embeddable":true,"href":"https:\/\/diarioregionaldigital.com.br\/index.php?rest_route=\/wp\/v2\/users\/96"}],"replies":[{"embeddable":true,"href":"https:\/\/diarioregionaldigital.com.br\/index.php?rest_route=%2Fwp%2Fv2%2Fcomments&post=169293"}],"version-history":[{"count":0,"href":"https:\/\/diarioregionaldigital.com.br\/index.php?rest_route=\/wp\/v2\/posts\/169293\/revisions"}],"wp:featuredmedia":[{"embeddable":true,"href":"https:\/\/diarioregionaldigital.com.br\/index.php?rest_route=\/wp\/v2\/media\/169294"}],"wp:attachment":[{"href":"https:\/\/diarioregionaldigital.com.br\/index.php?rest_route=%2Fwp%2Fv2%2Fmedia&parent=169293"}],"wp:term":[{"taxonomy":"category","embeddable":true,"href":"https:\/\/diarioregionaldigital.com.br\/index.php?rest_route=%2Fwp%2Fv2%2Fcategories&post=169293"},{"taxonomy":"post_tag","embeddable":true,"href":"https:\/\/diarioregionaldigital.com.br\/index.php?rest_route=%2Fwp%2Fv2%2Ftags&post=169293"}],"curies":[{"name":"wp","href":"https:\/\/api.w.org\/{rel}","templated":true}]}}