{"id":169286,"date":"2020-09-21T14:59:33","date_gmt":"2020-09-21T17:59:33","guid":{"rendered":"https:\/\/diarioregionaldigital.com.br\/?p=169286"},"modified":"2020-09-21T14:59:33","modified_gmt":"2020-09-21T17:59:33","slug":"pm-encontra-armas-de-fogo-escondidas-em-bar-no-caicaras","status":"publish","type":"post","link":"https:\/\/diarioregionaldigital.com.br\/?p=169286","title":{"rendered":"PM encontra armas de fogo escondidas em bar no Cai\u00e7aras"},"content":{"rendered":"<p>A Pol\u00edcia Militar (PM), realizava uma opera\u00e7\u00e3o pelo Bairro Cai\u00e7aras (Cidade Alta), quando em um determinado momento, abordou uma adolescente de 15 anos e um jovem de 21, os quais estavam dentro de um bar local. Ap\u00f3s buscas pelo estabelecimento, os militares encontraram uma pistola calibre 765, carregada com cinco cartuchos. Instantes depois, foi localizado dentro de um engradado de cerveja, um rev\u00f3lver calibre 38, com cinco muni\u00e7\u00f5es e foram apreendidos outros seis cartuchos, os quais estavam escondidos dentro de uma meia. Diante dos fatos, os autores foram presos em flagrante e encaminhados para a Delegacia, junto com os materiais apreendidos.<\/p>\n","protected":false},"excerpt":{"rendered":"<p>A Pol\u00edcia Militar (PM), realizava uma opera\u00e7\u00e3o pelo Bairro Cai\u00e7aras (Cidade Alta), quando em um determinado momento, abordou uma adolescente de 15 anos e um jovem de 21, os quais estavam dentro de um bar local. Ap\u00f3s buscas pelo estabelecimento, os militares encontraram uma pistola calibre 765, carregada com cinco cartuchos. Instantes depois, foi localizado [&hellip;]<\/p>\n","protected":false},"author":96,"featured_media":165308,"comment_status":"closed","ping_status":"closed","sticky":false,"template":"","format":"standard","meta":{"footnotes":""},"categories":[301,436,439],"tags":[],"class_list":["post-169286","post","type-post","status-publish","format-standard","has-post-thumbnail","hentry","category-artigos-policiais","category-destaque-da-semana","category-ultima-hora"],"_links":{"self":[{"href":"https:\/\/diarioregionaldigital.com.br\/index.php?rest_route=\/wp\/v2\/posts\/169286","targetHints":{"allow":["GET"]}}],"collection":[{"href":"https:\/\/diarioregionaldigital.com.br\/index.php?rest_route=\/wp\/v2\/posts"}],"about":[{"href":"https:\/\/diarioregionaldigital.com.br\/index.php?rest_route=\/wp\/v2\/types\/post"}],"author":[{"embeddable":true,"href":"https:\/\/diarioregionaldigital.com.br\/index.php?rest_route=\/wp\/v2\/users\/96"}],"replies":[{"embeddable":true,"href":"https:\/\/diarioregionaldigital.com.br\/index.php?rest_route=%2Fwp%2Fv2%2Fcomments&post=169286"}],"version-history":[{"count":0,"href":"https:\/\/diarioregionaldigital.com.br\/index.php?rest_route=\/wp\/v2\/posts\/169286\/revisions"}],"wp:featuredmedia":[{"embeddable":true,"href":"https:\/\/diarioregionaldigital.com.br\/index.php?rest_route=\/wp\/v2\/media\/165308"}],"wp:attachment":[{"href":"https:\/\/diarioregionaldigital.com.br\/index.php?rest_route=%2Fwp%2Fv2%2Fmedia&parent=169286"}],"wp:term":[{"taxonomy":"category","embeddable":true,"href":"https:\/\/diarioregionaldigital.com.br\/index.php?rest_route=%2Fwp%2Fv2%2Fcategories&post=169286"},{"taxonomy":"post_tag","embeddable":true,"href":"https:\/\/diarioregionaldigital.com.br\/index.php?rest_route=%2Fwp%2Fv2%2Ftags&post=169286"}],"curies":[{"name":"wp","href":"https:\/\/api.w.org\/{rel}","templated":true}]}}