{"id":169284,"date":"2020-09-21T14:52:16","date_gmt":"2020-09-21T17:52:16","guid":{"rendered":"https:\/\/diarioregionaldigital.com.br\/?p=169284"},"modified":"2020-09-21T14:52:16","modified_gmt":"2020-09-21T17:52:16","slug":"jovem-e-encaminhada-para-upa-norte-apos-ser-atingida-por-disparos-de-arma-de-fogo","status":"publish","type":"post","link":"https:\/\/diarioregionaldigital.com.br\/?p=169284","title":{"rendered":"Jovem \u00e9 encaminhada para UPA Norte, ap\u00f3s ser atingida por disparos de arma de fogo"},"content":{"rendered":"<p>Uma jovem de 19 anos, transitava com seus familiares pela Rua Maria Joaquina Motta, no Bairro Santa Cruz (Regi\u00e3o Norte), quando em um determinado momento, um autom\u00f3vel passava pelo local e dentro dele haviam dois indiv\u00edduos encapuzados, sendo que um deles efetuou disparos de arma de fogo contra a v\u00edtima. A mesma foi atingida na regi\u00e3o lombar e foi encaminhada para a UPA Norte. Dentro da unidade, os m\u00e9dicos constataram les\u00e3o superficial e a paciente foi liberada, ap\u00f3s ser medicada. A Pol\u00edcia Militar (PM) foi acionada e iniciou o rastreamento, portanto os autores n\u00e3o foram encontrados.<\/p>\n","protected":false},"excerpt":{"rendered":"<p>Uma jovem de 19 anos, transitava com seus familiares pela Rua Maria Joaquina Motta, no Bairro Santa Cruz (Regi\u00e3o Norte), quando em um determinado momento, um autom\u00f3vel passava pelo local e dentro dele haviam dois indiv\u00edduos encapuzados, sendo que um deles efetuou disparos de arma de fogo contra a v\u00edtima. A mesma foi atingida na [&hellip;]<\/p>\n","protected":false},"author":96,"featured_media":165308,"comment_status":"closed","ping_status":"closed","sticky":false,"template":"","format":"standard","meta":{"footnotes":""},"categories":[301,436,439],"tags":[],"class_list":["post-169284","post","type-post","status-publish","format-standard","has-post-thumbnail","hentry","category-artigos-policiais","category-destaque-da-semana","category-ultima-hora"],"_links":{"self":[{"href":"https:\/\/diarioregionaldigital.com.br\/index.php?rest_route=\/wp\/v2\/posts\/169284","targetHints":{"allow":["GET"]}}],"collection":[{"href":"https:\/\/diarioregionaldigital.com.br\/index.php?rest_route=\/wp\/v2\/posts"}],"about":[{"href":"https:\/\/diarioregionaldigital.com.br\/index.php?rest_route=\/wp\/v2\/types\/post"}],"author":[{"embeddable":true,"href":"https:\/\/diarioregionaldigital.com.br\/index.php?rest_route=\/wp\/v2\/users\/96"}],"replies":[{"embeddable":true,"href":"https:\/\/diarioregionaldigital.com.br\/index.php?rest_route=%2Fwp%2Fv2%2Fcomments&post=169284"}],"version-history":[{"count":0,"href":"https:\/\/diarioregionaldigital.com.br\/index.php?rest_route=\/wp\/v2\/posts\/169284\/revisions"}],"wp:featuredmedia":[{"embeddable":true,"href":"https:\/\/diarioregionaldigital.com.br\/index.php?rest_route=\/wp\/v2\/media\/165308"}],"wp:attachment":[{"href":"https:\/\/diarioregionaldigital.com.br\/index.php?rest_route=%2Fwp%2Fv2%2Fmedia&parent=169284"}],"wp:term":[{"taxonomy":"category","embeddable":true,"href":"https:\/\/diarioregionaldigital.com.br\/index.php?rest_route=%2Fwp%2Fv2%2Fcategories&post=169284"},{"taxonomy":"post_tag","embeddable":true,"href":"https:\/\/diarioregionaldigital.com.br\/index.php?rest_route=%2Fwp%2Fv2%2Ftags&post=169284"}],"curies":[{"name":"wp","href":"https:\/\/api.w.org\/{rel}","templated":true}]}}